{"id":27682,"date":"2026-04-30T15:21:07","date_gmt":"2026-04-30T21:21:07","guid":{"rendered":"https:\/\/sientetupasion.com\/?p=27682"},"modified":"2026-04-30T15:21:07","modified_gmt":"2026-04-30T21:21:07","slug":"pedro-martinez-respalda-a-veronica-yvette-hernandez-lopez-de-lara-en-su-nueva-responsabilidad-al-frente-de-la-auditoria-superior-del-estado","status":"publish","type":"post","link":"https:\/\/sientetupasion.com\/index.php\/2026\/04\/30\/pedro-martinez-respalda-a-veronica-yvette-hernandez-lopez-de-lara-en-su-nueva-responsabilidad-al-frente-de-la-auditoria-superior-del-estado\/","title":{"rendered":"Pedro Mart\u00ednez respalda a Ver\u00f3nica Yvette Hern\u00e1ndez L\u00f3pez de Lara en su nueva responsabilidad al frente de la Auditor\u00eda Superior del Estado"},"content":{"rendered":"<p data-start=\"0\" data-end=\"196\">El diputado local <span class=\"hover:entity-accent entity-underline inline cursor-pointer align-baseline\"><span class=\"whitespace-normal\">Pedro Mart\u00ednez<\/span><\/span> expres\u00f3 su respaldo y buenos deseos a <span class=\"hover:entity-accent entity-underline inline cursor-pointer align-baseline\"><span class=\"whitespace-normal\">Ver\u00f3nica Yvette Hern\u00e1ndez L\u00f3pez de Lara<\/span><\/span>, tras asumir la titularidad de la Auditor\u00eda Superior del Estado.<\/p>\n<p data-start=\"198\" data-end=\"444\">A trav\u00e9s de un mensaje, el legislador destac\u00f3 la relevancia de esta responsabilidad dentro del sistema de fiscalizaci\u00f3n estatal, al tiempo que confi\u00f3 en que su desempe\u00f1o estar\u00e1 guiado por principios de profesionalismo, transparencia y compromiso.<\/p>\n<p data-start=\"446\" data-end=\"647\">\u201cDesde esta representaci\u00f3n, le expreso mis mejores deseos de \u00e9xito\u2026 Estoy seguro de que su labor se conducir\u00e1 con profesionalismo, transparencia y compromiso en favor de las y los zacatecanos\u201d, se\u00f1al\u00f3.<\/p>\n<p data-start=\"649\" data-end=\"941\" data-is-last-node=\"\" data-is-only-node=\"\">La designaci\u00f3n de Hern\u00e1ndez L\u00f3pez de Lara al frente del \u00f3rgano auditor representa un paso clave en el fortalecimiento de la rendici\u00f3n de cuentas en la entidad, instancia encargada de supervisar el uso de los recursos p\u00fablicos y garantizar su correcta aplicaci\u00f3n en beneficio de la ciudadan\u00eda.<\/p>\n","protected":false},"excerpt":{"rendered":"<p>El diputado local Pedro Mart\u00ednez expres\u00f3 su respaldo y buenos deseos a Ver\u00f3nica Yvette Hern\u00e1ndez L\u00f3pez de Lara, tras asumir la titularidad de la Auditor\u00eda Superior<span class=\"excerpt-hellip\"> [\u2026]<\/span><\/p>\n","protected":false},"author":2,"featured_media":27683,"comment_status":"open","ping_status":"open","sticky":false,"template":"","format":"standard","meta":{"footnotes":""},"categories":[8],"tags":[],"class_list":["post-27682","post","type-post","status-publish","format-standard","has-post-thumbnail","hentry","category-politica"],"_links":{"self":[{"href":"https:\/\/sientetupasion.com\/index.php\/wp-json\/wp\/v2\/posts\/27682","targetHints":{"allow":["GET"]}}],"collection":[{"href":"https:\/\/sientetupasion.com\/index.php\/wp-json\/wp\/v2\/posts"}],"about":[{"href":"https:\/\/sientetupasion.com\/index.php\/wp-json\/wp\/v2\/types\/post"}],"author":[{"embeddable":true,"href":"https:\/\/sientetupasion.com\/index.php\/wp-json\/wp\/v2\/users\/2"}],"replies":[{"embeddable":true,"href":"https:\/\/sientetupasion.com\/index.php\/wp-json\/wp\/v2\/comments?post=27682"}],"version-history":[{"count":1,"href":"https:\/\/sientetupasion.com\/index.php\/wp-json\/wp\/v2\/posts\/27682\/revisions"}],"predecessor-version":[{"id":27684,"href":"https:\/\/sientetupasion.com\/index.php\/wp-json\/wp\/v2\/posts\/27682\/revisions\/27684"}],"wp:featuredmedia":[{"embeddable":true,"href":"https:\/\/sientetupasion.com\/index.php\/wp-json\/wp\/v2\/media\/27683"}],"wp:attachment":[{"href":"https:\/\/sientetupasion.com\/index.php\/wp-json\/wp\/v2\/media?parent=27682"}],"wp:term":[{"taxonomy":"category","embeddable":true,"href":"https:\/\/sientetupasion.com\/index.php\/wp-json\/wp\/v2\/categories?post=27682"},{"taxonomy":"post_tag","embeddable":true,"href":"https:\/\/sientetupasion.com\/index.php\/wp-json\/wp\/v2\/tags?post=27682"}],"curies":[{"name":"wp","href":"https:\/\/api.w.org\/{rel}","templated":true}]}}