{"id":27675,"date":"2026-04-29T23:12:20","date_gmt":"2026-04-30T05:12:20","guid":{"rendered":"https:\/\/sientetupasion.com\/?p=27675"},"modified":"2026-04-29T23:12:20","modified_gmt":"2026-04-30T05:12:20","slug":"rinde-protesta-nueva-titular-de-la-auditoria-superior-del-estado-de-zacatecas","status":"publish","type":"post","link":"https:\/\/sientetupasion.com\/index.php\/2026\/04\/29\/rinde-protesta-nueva-titular-de-la-auditoria-superior-del-estado-de-zacatecas\/","title":{"rendered":"Rinde protesta nueva titular de la Auditor\u00eda Superior del Estado de Zacatecas"},"content":{"rendered":"<p>En el marco de una sesi\u00f3n solemne del Poder Legislativo, la Dra. Ver\u00f3nica Ivette L\u00f3pez de Lara rindi\u00f3 protesta como nueva titular de la Auditor\u00eda Superior del Estado, asumiendo una responsabilidad clave en el fortalecimiento de la fiscalizaci\u00f3n y la rendici\u00f3n de cuentas en Zacatecas.<\/p>\n<p>Durante el acto protocolario, el diputado local Luis Gonz\u00e1lez destac\u00f3 la relevancia de este nombramiento, subrayando que se trata de una encomienda fundamental para garantizar la transparencia, la correcta aplicaci\u00f3n de los recursos p\u00fablicos y el combate a la opacidad en el ejercicio gubernamental.<\/p>\n<p>El legislador expres\u00f3 su confianza en que la experiencia y el compromiso de L\u00f3pez de Lara contribuir\u00e1n al fortalecimiento de las instituciones estatales, as\u00ed como a consolidar mecanismos m\u00e1s eficientes de vigilancia y control del gasto p\u00fablico en beneficio de la ciudadan\u00eda.<\/p>\n<p>Asimismo, reiter\u00f3 la importancia de que la Auditor\u00eda Superior del Estado contin\u00fae desempe\u00f1ando un papel clave en la supervisi\u00f3n del manejo de los recursos, promoviendo pr\u00e1cticas responsables y fomentando la confianza de la sociedad en sus autoridades.<\/p>\n<p>Con este nombramiento, se espera impulsar una etapa de mayor transparencia y rendici\u00f3n de cuentas en Zacatecas, en respuesta a las demandas ciudadanas de un gobierno m\u00e1s abierto y eficiente.<\/p>\n","protected":false},"excerpt":{"rendered":"<p>En el marco de una sesi\u00f3n solemne del Poder Legislativo, la Dra. Ver\u00f3nica Ivette L\u00f3pez de Lara rindi\u00f3 protesta como nueva titular de la Auditor\u00eda Superior<span class=\"excerpt-hellip\"> [\u2026]<\/span><\/p>\n","protected":false},"author":2,"featured_media":27676,"comment_status":"open","ping_status":"open","sticky":false,"template":"","format":"standard","meta":{"footnotes":""},"categories":[8],"tags":[],"class_list":["post-27675","post","type-post","status-publish","format-standard","has-post-thumbnail","hentry","category-politica"],"_links":{"self":[{"href":"https:\/\/sientetupasion.com\/index.php\/wp-json\/wp\/v2\/posts\/27675","targetHints":{"allow":["GET"]}}],"collection":[{"href":"https:\/\/sientetupasion.com\/index.php\/wp-json\/wp\/v2\/posts"}],"about":[{"href":"https:\/\/sientetupasion.com\/index.php\/wp-json\/wp\/v2\/types\/post"}],"author":[{"embeddable":true,"href":"https:\/\/sientetupasion.com\/index.php\/wp-json\/wp\/v2\/users\/2"}],"replies":[{"embeddable":true,"href":"https:\/\/sientetupasion.com\/index.php\/wp-json\/wp\/v2\/comments?post=27675"}],"version-history":[{"count":1,"href":"https:\/\/sientetupasion.com\/index.php\/wp-json\/wp\/v2\/posts\/27675\/revisions"}],"predecessor-version":[{"id":27677,"href":"https:\/\/sientetupasion.com\/index.php\/wp-json\/wp\/v2\/posts\/27675\/revisions\/27677"}],"wp:featuredmedia":[{"embeddable":true,"href":"https:\/\/sientetupasion.com\/index.php\/wp-json\/wp\/v2\/media\/27676"}],"wp:attachment":[{"href":"https:\/\/sientetupasion.com\/index.php\/wp-json\/wp\/v2\/media?parent=27675"}],"wp:term":[{"taxonomy":"category","embeddable":true,"href":"https:\/\/sientetupasion.com\/index.php\/wp-json\/wp\/v2\/categories?post=27675"},{"taxonomy":"post_tag","embeddable":true,"href":"https:\/\/sientetupasion.com\/index.php\/wp-json\/wp\/v2\/tags?post=27675"}],"curies":[{"name":"wp","href":"https:\/\/api.w.org\/{rel}","templated":true}]}}