{"id":27666,"date":"2026-04-29T22:42:32","date_gmt":"2026-04-30T04:42:32","guid":{"rendered":"https:\/\/sientetupasion.com\/?p=27666"},"modified":"2026-04-29T22:42:32","modified_gmt":"2026-04-30T04:42:32","slug":"fomentan-identidad-historica-con-conferencia-en-rio-de-medina-sain-alto","status":"publish","type":"post","link":"https:\/\/sientetupasion.com\/index.php\/2026\/04\/29\/fomentan-identidad-historica-con-conferencia-en-rio-de-medina-sain-alto\/","title":{"rendered":"Fomentan identidad hist\u00f3rica con conferencia en R\u00edo de Medina, Sa\u00edn Alto"},"content":{"rendered":"<p>Sa\u00edn Alto, Zac.\u2013 Con el objetivo de fortalecer el conocimiento y la identidad cultural de la poblaci\u00f3n, el Gobierno Municipal de Sa\u00edn Alto llev\u00f3 a cabo la conferencia \u201cHacienda de San Pedro de R\u00edo de Medina. Historia y arte. Siglos XVI\u2013XIX\u201d en la localidad de R\u00edo de Medina.<br \/>\nEl evento, organizado a trav\u00e9s del Instituto Municipal de Cultura, reuni\u00f3 a habitantes interesados en conocer m\u00e1s sobre el pasado hist\u00f3rico y el patrimonio art\u00edstico de la regi\u00f3n, acercando contenidos que resaltan la riqueza cultural del municipio.<br \/>\nDurante la actividad se cont\u00f3 con la presencia del regidor Mario Serna, originario de la comunidad, quien acompa\u00f1\u00f3 a las y los asistentes en esta jornada de aprendizaje.<br \/>\nAutoridades municipales destacaron que este tipo de iniciativas forman parte del compromiso del H. Ayuntamiento 2024-2027 por impulsar acciones que fortalezcan la identidad colectiva y promuevan el valor de las ra\u00edces hist\u00f3ricas entre la ciudadan\u00eda.<br \/>\nFinalmente, se agradeci\u00f3 la participaci\u00f3n e inter\u00e9s de las y los asistentes, reiterando la importancia de preservar y difundir la historia local como un pilar fundamental para el desarrollo cultural de Sa\u00edn Alto.<\/p>\n","protected":false},"excerpt":{"rendered":"<p>Sa\u00edn Alto, Zac.\u2013 Con el objetivo de fortalecer el conocimiento y la identidad cultural de la poblaci\u00f3n, el Gobierno Municipal de Sa\u00edn Alto llev\u00f3 a cabo<span class=\"excerpt-hellip\"> [\u2026]<\/span><\/p>\n","protected":false},"author":2,"featured_media":27667,"comment_status":"open","ping_status":"open","sticky":false,"template":"","format":"standard","meta":{"footnotes":""},"categories":[45],"tags":[],"class_list":["post-27666","post","type-post","status-publish","format-standard","has-post-thumbnail","hentry","category-sain-alto"],"_links":{"self":[{"href":"https:\/\/sientetupasion.com\/index.php\/wp-json\/wp\/v2\/posts\/27666","targetHints":{"allow":["GET"]}}],"collection":[{"href":"https:\/\/sientetupasion.com\/index.php\/wp-json\/wp\/v2\/posts"}],"about":[{"href":"https:\/\/sientetupasion.com\/index.php\/wp-json\/wp\/v2\/types\/post"}],"author":[{"embeddable":true,"href":"https:\/\/sientetupasion.com\/index.php\/wp-json\/wp\/v2\/users\/2"}],"replies":[{"embeddable":true,"href":"https:\/\/sientetupasion.com\/index.php\/wp-json\/wp\/v2\/comments?post=27666"}],"version-history":[{"count":1,"href":"https:\/\/sientetupasion.com\/index.php\/wp-json\/wp\/v2\/posts\/27666\/revisions"}],"predecessor-version":[{"id":27668,"href":"https:\/\/sientetupasion.com\/index.php\/wp-json\/wp\/v2\/posts\/27666\/revisions\/27668"}],"wp:featuredmedia":[{"embeddable":true,"href":"https:\/\/sientetupasion.com\/index.php\/wp-json\/wp\/v2\/media\/27667"}],"wp:attachment":[{"href":"https:\/\/sientetupasion.com\/index.php\/wp-json\/wp\/v2\/media?parent=27666"}],"wp:term":[{"taxonomy":"category","embeddable":true,"href":"https:\/\/sientetupasion.com\/index.php\/wp-json\/wp\/v2\/categories?post=27666"},{"taxonomy":"post_tag","embeddable":true,"href":"https:\/\/sientetupasion.com\/index.php\/wp-json\/wp\/v2\/tags?post=27666"}],"curies":[{"name":"wp","href":"https:\/\/api.w.org\/{rel}","templated":true}]}}