{"id":27586,"date":"2026-04-29T19:06:58","date_gmt":"2026-04-30T01:06:58","guid":{"rendered":"https:\/\/sientetupasion.com\/?p=27586"},"modified":"2026-04-29T19:06:58","modified_gmt":"2026-04-30T01:06:58","slug":"movimiento-ciudadano-impulsa-reforestacion-en-el-malecon-de-rio-grande-y-apuesta-por-el-futuro-ambiental","status":"publish","type":"post","link":"https:\/\/sientetupasion.com\/index.php\/2026\/04\/29\/movimiento-ciudadano-impulsa-reforestacion-en-el-malecon-de-rio-grande-y-apuesta-por-el-futuro-ambiental\/","title":{"rendered":"MOVIMIENTO CIUDADANO IMPULSA REFORESTACI\u00d3N EN EL MALEC\u00d3N DE R\u00cdO GRANDE Y APUESTA POR EL FUTURO AMBIENTAL"},"content":{"rendered":"<p>R\u00edo Grande, Zac., 29 de abril de 2026.- Con una acci\u00f3n directa, visible y con sentido de futuro, la Comisi\u00f3n Operativa Municipal de Movimiento Ciudadano en R\u00edo Grande puso en marcha una campa\u00f1a de reforestaci\u00f3n en el Malec\u00f3n, consolidando una iniciativa que no solo protege el medio ambiente, sino que tambi\u00e9n fortalece la convivencia familiar y el tejido social.<\/p>\n<p>Desde temprana hora, familias, j\u00f3venes y voluntarios se dieron cita para participar en esta jornada que convirti\u00f3 un espacio p\u00fablico en un punto de encuentro comunitario, donde la naturaleza y la ciudadan\u00eda se entrelazan en una causa com\u00fan: cuidar el entorno y construir un mejor municipio desde lo local.<\/p>\n<p>El Coordinador Operativo Municipal de Movimiento Ciudadano en R\u00edo Grande, Francisco Hidrogo, destac\u00f3 que este tipo de acciones reflejan el verdadero sentido de la pol\u00edtica cercana: \u201cEn Movimiento Ciudadano creemos que los cambios reales comienzan desde nuestras comunidades. Reforestar no es solo plantar \u00e1rboles, es sembrar conciencia, responsabilidad y futuro para nuestras ni\u00f1as y ni\u00f1os. Hoy estamos demostrando que s\u00ed se puede construir un R\u00edo Grande m\u00e1s verde, m\u00e1s digno y m\u00e1s humano\u201d.<\/p>\n<p>En el evento tambi\u00e9n estuvo presente la diputada Ana Mar\u00eda Romo Fonseca, quien reconoci\u00f3 la participaci\u00f3n activa de la ciudadan\u00eda y subray\u00f3 la importancia de impulsar pol\u00edticas p\u00fablicas con enfoque ambiental: \u201cProteger nuestro entorno no es una opci\u00f3n, es una responsabilidad compartida. Desde el Congreso y desde el territorio estamos trabajando para que las nuevas generaciones crezcan con valores de respeto al medio ambiente y con oportunidades para vivir en comunidades m\u00e1s sostenibles. Apostarle al medio ambiente es apostarle al futuro de Zacatecas\u201d.<\/p>\n<p>La actividad permiti\u00f3 no solo la plantaci\u00f3n de \u00e1rboles en puntos estrat\u00e9gicos del Malec\u00f3n, sino tambi\u00e9n la generaci\u00f3n de conciencia sobre la importancia del cuidado ambiental, especialmente entre ni\u00f1as, ni\u00f1os y j\u00f3venes, quienes participaron activamente en las din\u00e1micas.<\/p>\n<p>Este tipo de jornadas refuerzan valores fundamentales como el respeto por la naturaleza, la colaboraci\u00f3n comunitaria y el sentido de pertenencia, elementos clave para el desarrollo integral de las nuevas generaciones.<\/p>\n<p>Con acciones como esta, Movimiento Ciudadano reafirma su compromiso de impulsar una agenda social y ambiental que coloque en el centro a las personas y al entorno, convencidos de que Zacatecas merece m\u00e1s, y ese cambio comienza con decisiones responsables que hoy siembran el bienestar del ma\u00f1ana.<\/p>\n","protected":false},"excerpt":{"rendered":"<p>R\u00edo Grande, Zac., 29 de abril de 2026.- Con una acci\u00f3n directa, visible y con sentido de futuro, la Comisi\u00f3n Operativa Municipal de Movimiento Ciudadano en<span class=\"excerpt-hellip\"> [\u2026]<\/span><\/p>\n","protected":false},"author":2,"featured_media":27587,"comment_status":"open","ping_status":"open","sticky":false,"template":"","format":"standard","meta":{"footnotes":""},"categories":[8],"tags":[],"class_list":["post-27586","post","type-post","status-publish","format-standard","has-post-thumbnail","hentry","category-politica"],"_links":{"self":[{"href":"https:\/\/sientetupasion.com\/index.php\/wp-json\/wp\/v2\/posts\/27586","targetHints":{"allow":["GET"]}}],"collection":[{"href":"https:\/\/sientetupasion.com\/index.php\/wp-json\/wp\/v2\/posts"}],"about":[{"href":"https:\/\/sientetupasion.com\/index.php\/wp-json\/wp\/v2\/types\/post"}],"author":[{"embeddable":true,"href":"https:\/\/sientetupasion.com\/index.php\/wp-json\/wp\/v2\/users\/2"}],"replies":[{"embeddable":true,"href":"https:\/\/sientetupasion.com\/index.php\/wp-json\/wp\/v2\/comments?post=27586"}],"version-history":[{"count":1,"href":"https:\/\/sientetupasion.com\/index.php\/wp-json\/wp\/v2\/posts\/27586\/revisions"}],"predecessor-version":[{"id":27588,"href":"https:\/\/sientetupasion.com\/index.php\/wp-json\/wp\/v2\/posts\/27586\/revisions\/27588"}],"wp:featuredmedia":[{"embeddable":true,"href":"https:\/\/sientetupasion.com\/index.php\/wp-json\/wp\/v2\/media\/27587"}],"wp:attachment":[{"href":"https:\/\/sientetupasion.com\/index.php\/wp-json\/wp\/v2\/media?parent=27586"}],"wp:term":[{"taxonomy":"category","embeddable":true,"href":"https:\/\/sientetupasion.com\/index.php\/wp-json\/wp\/v2\/categories?post=27586"},{"taxonomy":"post_tag","embeddable":true,"href":"https:\/\/sientetupasion.com\/index.php\/wp-json\/wp\/v2\/tags?post=27586"}],"curies":[{"name":"wp","href":"https:\/\/api.w.org\/{rel}","templated":true}]}}