{"id":27580,"date":"2026-04-29T19:04:56","date_gmt":"2026-04-30T01:04:56","guid":{"rendered":"https:\/\/sientetupasion.com\/?p=27580"},"modified":"2026-04-29T19:04:56","modified_gmt":"2026-04-30T01:04:56","slug":"celebrara-noemi-luna-a-la-ninez-con-cine-en-tu-colonia-en-la-capital-zacatecana","status":"publish","type":"post","link":"https:\/\/sientetupasion.com\/index.php\/2026\/04\/29\/celebrara-noemi-luna-a-la-ninez-con-cine-en-tu-colonia-en-la-capital-zacatecana\/","title":{"rendered":"CELEBRAR\u00c1 NOEM\u00cd LUNA A LA NI\u00d1EZ CON \u201cCINE EN TU COLONIA\u201d EN LA CAPITAL ZACATECANA"},"content":{"rendered":"<p>\u2022 Garantizar a las ni\u00f1as y los ni\u00f1os un desarrollo pleno y una vida feliz, el primer paso para construir un futuro confiable para M\u00e9xico y Zacatecas<br \/>\n\u2022 Urge rescatar los espacios p\u00fablicos para que la sociedad se apropie de ellos, se\u00f1ala<br \/>\n\u2022 La zacatecana reitera su compromiso por la ni\u00f1ez y para protegerla present\u00f3 en la C\u00e1mara de Diputados propuestas contra el bullying <\/p>\n<p>La diputada federal panista Noem\u00ed Luna invita a las familias zacatecanas a celebrar el D\u00eda de la Ni\u00f1a y el Ni\u00f1o con su programa \u201cCine en tu Colonia\u201d, una iniciativa que lleva gratuitamente entretenimiento y convivencia a distintas zonas habitacionales de la capital.<\/p>\n<p>Este 30 de abril y 1 de mayo, la legisladora promover\u00e1 actividades en las colonias Felipe \u00c1ngeles y Gonz\u00e1lez Ortega, con el objetivo de fortalecer el tejido social y brindar espacios seguros para la recreaci\u00f3n familiar.<\/p>\n<p>La representante popular afirm\u00f3 que este programa no s\u00f3lo ofrece momentos de esparcimiento, sino que tambi\u00e9n fomenta valores esenciales como el respeto, la solidaridad y la convivencia pac\u00edfica entre vecinos, generando comunidad.<\/p>\n<p>Subray\u00f3 que garantizar a la ni\u00f1ez un desarrollo pleno, cuidados y una vida feliz es fundamental para construir un futuro confiable tanto para Zacatecas como para M\u00e9xico, por lo que resulta prioritario generar entornos adecuados para su crecimiento.<\/p>\n<p>En ese sentido, destac\u00f3 la importancia de rescatar los espacios p\u00fablicos y devolverlos a la ciudadan\u00eda, ya que cuando la sociedad se apropia de ellos se fortalece la comunidad y se promueve un entorno m\u00e1s seguro.<\/p>\n<p>Noem\u00ed Luna hizo un llamado a madres y padres de familia para que participen junto a sus hijas e hijos en estas actividades, dise\u00f1adas especialmente para impulsar la integraci\u00f3n familiar en un ambiente sano y accesible.<\/p>\n<p>El jueves 30 de abril, \u201cCine en tu Colonia\u201d llegar\u00e1 a la Felipe \u00c1ngeles con funciones a las 16:00 y 18:00 horas, mientras que el viernes 1 de mayo se presentar\u00e1 en la Gonz\u00e1lez Ortega cuarta secci\u00f3n a las 11:30 y 13:30 horas.<\/p>\n<p>La vicecoordinadora del Grupo Parlamentario del PAN reiter\u00f3 que su compromiso con la ni\u00f1ez mexicana es permanente, al considerarla el presente y futuro del pa\u00eds.<\/p>\n<p>Asimismo, record\u00f3 que desde la C\u00e1mara de Diputados ha impulsado iniciativas para prevenir, atender y sancionar el bullying, problem\u00e1tica que afecta gravemente a ni\u00f1as y ni\u00f1os en edad escolar.<\/p>\n<p>Con estas acciones, la legisladora refrenda su inter\u00e9s por proteger a la infancia, promover su bienestar y contribuir a la construcci\u00f3n de una sociedad m\u00e1s justa y participativa.<\/p>\n<p>0o0o0o0<\/p>\n","protected":false},"excerpt":{"rendered":"<p>\u2022 Garantizar a las ni\u00f1as y los ni\u00f1os un desarrollo pleno y una vida feliz, el primer paso para construir un futuro confiable para M\u00e9xico y<span class=\"excerpt-hellip\"> [\u2026]<\/span><\/p>\n","protected":false},"author":2,"featured_media":27581,"comment_status":"open","ping_status":"open","sticky":false,"template":"","format":"standard","meta":{"footnotes":""},"categories":[8],"tags":[],"class_list":["post-27580","post","type-post","status-publish","format-standard","has-post-thumbnail","hentry","category-politica"],"_links":{"self":[{"href":"https:\/\/sientetupasion.com\/index.php\/wp-json\/wp\/v2\/posts\/27580","targetHints":{"allow":["GET"]}}],"collection":[{"href":"https:\/\/sientetupasion.com\/index.php\/wp-json\/wp\/v2\/posts"}],"about":[{"href":"https:\/\/sientetupasion.com\/index.php\/wp-json\/wp\/v2\/types\/post"}],"author":[{"embeddable":true,"href":"https:\/\/sientetupasion.com\/index.php\/wp-json\/wp\/v2\/users\/2"}],"replies":[{"embeddable":true,"href":"https:\/\/sientetupasion.com\/index.php\/wp-json\/wp\/v2\/comments?post=27580"}],"version-history":[{"count":1,"href":"https:\/\/sientetupasion.com\/index.php\/wp-json\/wp\/v2\/posts\/27580\/revisions"}],"predecessor-version":[{"id":27582,"href":"https:\/\/sientetupasion.com\/index.php\/wp-json\/wp\/v2\/posts\/27580\/revisions\/27582"}],"wp:featuredmedia":[{"embeddable":true,"href":"https:\/\/sientetupasion.com\/index.php\/wp-json\/wp\/v2\/media\/27581"}],"wp:attachment":[{"href":"https:\/\/sientetupasion.com\/index.php\/wp-json\/wp\/v2\/media?parent=27580"}],"wp:term":[{"taxonomy":"category","embeddable":true,"href":"https:\/\/sientetupasion.com\/index.php\/wp-json\/wp\/v2\/categories?post=27580"},{"taxonomy":"post_tag","embeddable":true,"href":"https:\/\/sientetupasion.com\/index.php\/wp-json\/wp\/v2\/tags?post=27580"}],"curies":[{"name":"wp","href":"https:\/\/api.w.org\/{rel}","templated":true}]}}