{"id":27554,"date":"2026-04-28T13:49:12","date_gmt":"2026-04-28T19:49:12","guid":{"rendered":"https:\/\/sientetupasion.com\/?p=27554"},"modified":"2026-04-28T13:49:12","modified_gmt":"2026-04-28T19:49:12","slug":"jerez-celebra-a-su-ninez-con-mini-rodeo-infantil-y-fortalece-la-convivencia-comunitaria","status":"publish","type":"post","link":"https:\/\/sientetupasion.com\/index.php\/2026\/04\/28\/jerez-celebra-a-su-ninez-con-mini-rodeo-infantil-y-fortalece-la-convivencia-comunitaria\/","title":{"rendered":"JEREZ CELEBRA A SU NI\u00d1EZ CON MINI RODEO INFANTIL Y FORTALECE LA CONVIVENCIA COMUNITARIA"},"content":{"rendered":"\n<p>Jerez, Zac. 28 de abril de 2026.- Con un ambiente lleno de alegr\u00eda, tradici\u00f3n y participaci\u00f3n ciudadana, el municipio de Jerez celebr\u00f3 el D\u00eda del Ni\u00f1o con un mini rodeo infantil que reuni\u00f3 a decenas de familias en una jornada de sana convivencia y fortalecimiento del tejido social. La actividad fue resultado del trabajo conjunto entre J\u00f3venes en Movimiento, C\u00edrculos Ciudadanos y la empresa local M\u00e1ster Prom, consolidando un esfuerzo comunitario con enfoque en la ni\u00f1ez.<\/p>\n<p>Desde temprana hora, ni\u00f1as y ni\u00f1os, acompa\u00f1ados de sus familias, disfrutaron de diversas din\u00e1micas recreativas inspiradas en la tradici\u00f3n charra, en un entorno seguro, familiar y lleno de entusiasmo. El mini rodeo no solo ofreci\u00f3 momentos de diversi\u00f3n, sino que tambi\u00e9n promovi\u00f3 valores como el respeto, la convivencia, la identidad cultural y la participaci\u00f3n social desde la infancia.<\/p>\n<p>Durante el evento, se destac\u00f3 la importancia de generar espacios que permitan a las nuevas generaciones crecer en ambientes positivos, donde el juego y la interacci\u00f3n comunitaria se conviertan en herramientas para su desarrollo integral. La iniciativa reafirma que la atenci\u00f3n a la ni\u00f1ez no es una acci\u00f3n aislada, sino una responsabilidad compartida entre sociedad, organizaciones y liderazgos locales.<\/p>\n<p>El encuentro cont\u00f3 con la presencia del diputado local Marco Vinicio Flores Guerrero, quien reconoci\u00f3 el esfuerzo conjunto de las organizaciones participantes y subray\u00f3 la relevancia de impulsar actividades que fortalezcan la cohesi\u00f3n social desde las comunidades.<\/p>\n<p>Asimismo, participaron Ver\u00f3nica Rivera, Delegada de Mujeres en Movimiento; Miguel D\u00edaz, Delegado de J\u00f3venes en Movimiento en el Distrito II Federal; Salvador \u00c1vila, Coordinador de C\u00edrculos Ciudadanos en el mismo distrito; y Ailyn Casas, Delegada de J\u00f3venes en el municipio, quienes coincidieron en que invertir en la ni\u00f1ez es apostar por un mejor futuro para Jerez y Zacatecas.<\/p>\n<p>Tambi\u00e9n estuvieron presentes Antonio Carrillo y Oty Ibarra, coordinador y secretaria de acuerdos de la Comisi\u00f3n Operativa Municipal, respectivamente, quienes respaldaron la organizaci\u00f3n de este tipo de actividades como parte de una agenda social cercana a la gente.<\/p>\n<p>Menci\u00f3n especial recibi\u00f3 el empresario jerezano Manuel Pereyra, director de M\u00e1ster Prom, por su compromiso con la comunidad y su participaci\u00f3n activa en iniciativas de car\u00e1cter social y altruista que benefician a las familias del municipio.<\/p>\n<p>Con acciones como esta, J\u00f3venes en Movimiento, C\u00edrculos Ciudadanos y M\u00e1ster Prom reafirman su compromiso de seguir construyendo comunidad, impulsando entornos m\u00e1s inclusivos, seguros y llenos de oportunidades para ni\u00f1as y ni\u00f1os. Porque cuando se apuesta por la infancia, se siembra el futuro de Jerez.<\/p>\n","protected":false},"excerpt":{"rendered":"<p>Jerez, Zac. 28 de abril de 2026.- Con un ambiente lleno de alegr\u00eda, tradici\u00f3n y participaci\u00f3n ciudadana, el municipio de Jerez celebr\u00f3 el D\u00eda del Ni\u00f1o<span class=\"excerpt-hellip\"> [\u2026]<\/span><\/p>\n","protected":false},"author":2,"featured_media":27555,"comment_status":"open","ping_status":"open","sticky":false,"template":"","format":"standard","meta":{"footnotes":""},"categories":[8],"tags":[],"class_list":["post-27554","post","type-post","status-publish","format-standard","has-post-thumbnail","hentry","category-politica"],"_links":{"self":[{"href":"https:\/\/sientetupasion.com\/index.php\/wp-json\/wp\/v2\/posts\/27554","targetHints":{"allow":["GET"]}}],"collection":[{"href":"https:\/\/sientetupasion.com\/index.php\/wp-json\/wp\/v2\/posts"}],"about":[{"href":"https:\/\/sientetupasion.com\/index.php\/wp-json\/wp\/v2\/types\/post"}],"author":[{"embeddable":true,"href":"https:\/\/sientetupasion.com\/index.php\/wp-json\/wp\/v2\/users\/2"}],"replies":[{"embeddable":true,"href":"https:\/\/sientetupasion.com\/index.php\/wp-json\/wp\/v2\/comments?post=27554"}],"version-history":[{"count":1,"href":"https:\/\/sientetupasion.com\/index.php\/wp-json\/wp\/v2\/posts\/27554\/revisions"}],"predecessor-version":[{"id":27556,"href":"https:\/\/sientetupasion.com\/index.php\/wp-json\/wp\/v2\/posts\/27554\/revisions\/27556"}],"wp:featuredmedia":[{"embeddable":true,"href":"https:\/\/sientetupasion.com\/index.php\/wp-json\/wp\/v2\/media\/27555"}],"wp:attachment":[{"href":"https:\/\/sientetupasion.com\/index.php\/wp-json\/wp\/v2\/media?parent=27554"}],"wp:term":[{"taxonomy":"category","embeddable":true,"href":"https:\/\/sientetupasion.com\/index.php\/wp-json\/wp\/v2\/categories?post=27554"},{"taxonomy":"post_tag","embeddable":true,"href":"https:\/\/sientetupasion.com\/index.php\/wp-json\/wp\/v2\/tags?post=27554"}],"curies":[{"name":"wp","href":"https:\/\/api.w.org\/{rel}","templated":true}]}}