{"id":27551,"date":"2026-04-28T13:45:37","date_gmt":"2026-04-28T19:45:37","guid":{"rendered":"https:\/\/sientetupasion.com\/?p=27551"},"modified":"2026-04-28T13:45:37","modified_gmt":"2026-04-28T19:45:37","slug":"con-7-nuevos-coordinadores-se-consolida-la-vanguardia-juvenil-agrarista-del-pri","status":"publish","type":"post","link":"https:\/\/sientetupasion.com\/index.php\/2026\/04\/28\/con-7-nuevos-coordinadores-se-consolida-la-vanguardia-juvenil-agrarista-del-pri\/","title":{"rendered":"CON 7 NUEVOS COORDINADORES SE CONSOLIDA LA VANGUARDIA JUVENIL AGRARISTA DEL PRI"},"content":{"rendered":"<p>Con el respaldo del Presidente del Comit\u00e9 Directivo Estatal del PRI, Carlos Pe\u00f1a Badillo, el dirigente de la Vanguardia Juvenil Agrarista en Zacatecas, Christian Herrera nombr\u00f3 a 7 Coordinadores Territoriales en los municipios de Jerez, Guadalupe y Villa de Cos. <\/p>\n<p>En una reuni\u00f3n con j\u00f3venes agraristas en los municipios de Guadalupe y Villa de Cos, as\u00ed como en la toma de protesta de la dirigencia de la Vanguardia Juvenil Agrarista en Jerez, Christian Herrera pidi\u00f3 a los nuevos Coordinadores Territoriales seguir fortaleciendo la estructura de esta organizaci\u00f3n y trabajar cercanos a la militancia para consolidar al partido.<\/p>\n<p>Afirm\u00f3, que la organizaci\u00f3n que encabeza sigue comprometida con el fortalecimiento de sus bases, para desde ahora ir construyendo un equipo que no solo pueda dar buenos resultados en el 2027, sino que de ella emanen cuadros j\u00f3venes que puedan encabezar puestos de elecci\u00f3n popular. <\/p>\n<p>Por su parte, los nuevos dirigentes de la Vanguardia Juvenil Agrarista reafirmaron su compromiso de construir partido de la mano de la dirigencia estatal, asimismo destacaron la importancia de mantener una agenda cercana a las causas del campo y de las juventudes, impulsando su participaci\u00f3n activa y generando propuestas que respondan a las necesidades reales de la ciudadan\u00eda. <\/p>\n<p>En Jerez tomaron protesta Alejandro Estrada, como Presidente de la Vanguardia Juvenil Agrarista y Joanna Hern\u00e1ndez, como Secretaria General.<\/p>\n<p>As\u00ed como Diego Aguilera, como Coordinador Regional en R\u00edo Grande; Jos\u00e9 Mar\u00eda P\u00e9rez, en el semidesierto; Gabriel Castrej\u00f3n, en Zacatecas; Felipe Casta\u00f1eda, en el sureste; Carlos Dur\u00e1n, en Fresnillo; Gerardo S\u00e1nchez, en Jerez y Carlo Magno Padilla, en Guadalupe.<\/p>\n<p>&#8212;000&#8212;<\/p>\n","protected":false},"excerpt":{"rendered":"<p>Con el respaldo del Presidente del Comit\u00e9 Directivo Estatal del PRI, Carlos Pe\u00f1a Badillo, el dirigente de la Vanguardia Juvenil Agrarista en Zacatecas, Christian Herrera nombr\u00f3<span class=\"excerpt-hellip\"> [\u2026]<\/span><\/p>\n","protected":false},"author":2,"featured_media":27552,"comment_status":"open","ping_status":"open","sticky":false,"template":"","format":"standard","meta":{"footnotes":""},"categories":[8],"tags":[],"class_list":["post-27551","post","type-post","status-publish","format-standard","has-post-thumbnail","hentry","category-politica"],"_links":{"self":[{"href":"https:\/\/sientetupasion.com\/index.php\/wp-json\/wp\/v2\/posts\/27551","targetHints":{"allow":["GET"]}}],"collection":[{"href":"https:\/\/sientetupasion.com\/index.php\/wp-json\/wp\/v2\/posts"}],"about":[{"href":"https:\/\/sientetupasion.com\/index.php\/wp-json\/wp\/v2\/types\/post"}],"author":[{"embeddable":true,"href":"https:\/\/sientetupasion.com\/index.php\/wp-json\/wp\/v2\/users\/2"}],"replies":[{"embeddable":true,"href":"https:\/\/sientetupasion.com\/index.php\/wp-json\/wp\/v2\/comments?post=27551"}],"version-history":[{"count":1,"href":"https:\/\/sientetupasion.com\/index.php\/wp-json\/wp\/v2\/posts\/27551\/revisions"}],"predecessor-version":[{"id":27553,"href":"https:\/\/sientetupasion.com\/index.php\/wp-json\/wp\/v2\/posts\/27551\/revisions\/27553"}],"wp:featuredmedia":[{"embeddable":true,"href":"https:\/\/sientetupasion.com\/index.php\/wp-json\/wp\/v2\/media\/27552"}],"wp:attachment":[{"href":"https:\/\/sientetupasion.com\/index.php\/wp-json\/wp\/v2\/media?parent=27551"}],"wp:term":[{"taxonomy":"category","embeddable":true,"href":"https:\/\/sientetupasion.com\/index.php\/wp-json\/wp\/v2\/categories?post=27551"},{"taxonomy":"post_tag","embeddable":true,"href":"https:\/\/sientetupasion.com\/index.php\/wp-json\/wp\/v2\/tags?post=27551"}],"curies":[{"name":"wp","href":"https:\/\/api.w.org\/{rel}","templated":true}]}}