{"id":27531,"date":"2026-04-28T11:13:01","date_gmt":"2026-04-28T17:13:01","guid":{"rendered":"https:\/\/sientetupasion.com\/?p=27531"},"modified":"2026-04-28T11:13:01","modified_gmt":"2026-04-28T17:13:01","slug":"inicia-en-rio-grande-la-semana-nacional-de-salud-con-jornada-intensiva-de-vacunacion","status":"publish","type":"post","link":"https:\/\/sientetupasion.com\/index.php\/2026\/04\/28\/inicia-en-rio-grande-la-semana-nacional-de-salud-con-jornada-intensiva-de-vacunacion\/","title":{"rendered":"Inicia en R\u00edo Grande la Semana Nacional de Salud con jornada intensiva de vacunaci\u00f3n"},"content":{"rendered":"<p>Con el objetivo de fortalecer la salud p\u00fablica en el municipio, autoridades de R\u00edo Grande dieron inicio a la Semana Nacional de Salud, marcando el arranque oficial a las 9:54 de la ma\u00f1ana con la participaci\u00f3n de representantes del sector gubernamental y sanitario.<\/p>\n<p>El evento cont\u00f3 con la presencia del secretario de Gobierno, Salvador Rosales, quien, en coordinaci\u00f3n con el doctor Pedro Misael Galv\u00e1n Medina y el licenciado Guillermo Gonz\u00e1lez Esquivel, hizo un llamado a la ciudadan\u00eda para participar en la Primera Jornada Nacional de Vacunaci\u00f3n 2026.<\/p>\n<p>La campa\u00f1a se llevar\u00e1 a cabo del 25 de abril al 2 de mayo, con m\u00f3dulos de atenci\u00f3n instalados en IMSS Bienestar, as\u00ed como un m\u00f3dulo itinerante que operar\u00e1 en un horario de 9:00 de la ma\u00f1ana a 2:30 de la tarde en distintos puntos del municipio.<\/p>\n<p>De acuerdo con el calendario establecido, las brigadas estar\u00e1n presentes el lunes 27 en el Callej\u00f3n Guerrero, el martes 28 en el Callej\u00f3n Morelos, el mi\u00e9rcoles 29 en el Mercado R\u00edo Grande y el jueves 30 en la Presidencia Municipal, acercando los servicios de vacunaci\u00f3n a la poblaci\u00f3n.<\/p>\n<p>Las autoridades destacaron que el objetivo principal de esta jornada es recuperar esquemas de vacunaci\u00f3n y aumentar la cobertura en personas de todas las edades, reforzando as\u00ed la prevenci\u00f3n de enfermedades y el bienestar de la comunidad riograndense.<\/p>\n","protected":false},"excerpt":{"rendered":"<p>Con el objetivo de fortalecer la salud p\u00fablica en el municipio, autoridades de R\u00edo Grande dieron inicio a la Semana Nacional de Salud, marcando el arranque<span class=\"excerpt-hellip\"> [\u2026]<\/span><\/p>\n","protected":false},"author":2,"featured_media":27533,"comment_status":"open","ping_status":"open","sticky":false,"template":"","format":"standard","meta":{"footnotes":""},"categories":[41],"tags":[],"class_list":["post-27531","post","type-post","status-publish","format-standard","has-post-thumbnail","hentry","category-rio-grande"],"_links":{"self":[{"href":"https:\/\/sientetupasion.com\/index.php\/wp-json\/wp\/v2\/posts\/27531","targetHints":{"allow":["GET"]}}],"collection":[{"href":"https:\/\/sientetupasion.com\/index.php\/wp-json\/wp\/v2\/posts"}],"about":[{"href":"https:\/\/sientetupasion.com\/index.php\/wp-json\/wp\/v2\/types\/post"}],"author":[{"embeddable":true,"href":"https:\/\/sientetupasion.com\/index.php\/wp-json\/wp\/v2\/users\/2"}],"replies":[{"embeddable":true,"href":"https:\/\/sientetupasion.com\/index.php\/wp-json\/wp\/v2\/comments?post=27531"}],"version-history":[{"count":1,"href":"https:\/\/sientetupasion.com\/index.php\/wp-json\/wp\/v2\/posts\/27531\/revisions"}],"predecessor-version":[{"id":27534,"href":"https:\/\/sientetupasion.com\/index.php\/wp-json\/wp\/v2\/posts\/27531\/revisions\/27534"}],"wp:featuredmedia":[{"embeddable":true,"href":"https:\/\/sientetupasion.com\/index.php\/wp-json\/wp\/v2\/media\/27533"}],"wp:attachment":[{"href":"https:\/\/sientetupasion.com\/index.php\/wp-json\/wp\/v2\/media?parent=27531"}],"wp:term":[{"taxonomy":"category","embeddable":true,"href":"https:\/\/sientetupasion.com\/index.php\/wp-json\/wp\/v2\/categories?post=27531"},{"taxonomy":"post_tag","embeddable":true,"href":"https:\/\/sientetupasion.com\/index.php\/wp-json\/wp\/v2\/tags?post=27531"}],"curies":[{"name":"wp","href":"https:\/\/api.w.org\/{rel}","templated":true}]}}