{"id":27452,"date":"2026-04-25T14:36:56","date_gmt":"2026-04-25T20:36:56","guid":{"rendered":"https:\/\/sientetupasion.com\/?p=27452"},"modified":"2026-04-25T14:36:56","modified_gmt":"2026-04-25T20:36:56","slug":"calera-arranca-festejos-del-dia-del-nino-con-celebracion-en-rio-frio","status":"publish","type":"post","link":"https:\/\/sientetupasion.com\/index.php\/2026\/04\/25\/calera-arranca-festejos-del-dia-del-nino-con-celebracion-en-rio-frio\/","title":{"rendered":"Calera arranca festejos del D\u00eda del Ni\u00f1o con celebraci\u00f3n en R\u00edo Fr\u00edo"},"content":{"rendered":"<p>Calera, Zacatecas.\u2013 El alcalde de Calera, Profe Miguel Murillo, dio inicio a los festejos por el D\u00eda del Ni\u00f1o y la Ni\u00f1a con un evento lleno de alegr\u00eda en la comunidad de R\u00edo Fr\u00edo, donde decenas de menores disfrutaron de actividades recreativas, concursos y sorpresas.<\/p>\n<p>Durante la jornada, el edil destac\u00f3 la importancia de celebrar la infancia y generar espacios de convivencia que fortalezcan el tejido social. Entre risas y juegos, ni\u00f1as y ni\u00f1os participaron en diversas din\u00e1micas organizadas especialmente para su entretenimiento.<\/p>\n<p>\u201cEl objetivo es reconocer lo maravilloso que es la infancia y brindar momentos de felicidad a nuestras ni\u00f1as y ni\u00f1os\u201d, expres\u00f3 el presidente municipal.<\/p>\n<p>Asimismo, Murillo agradeci\u00f3 la colaboraci\u00f3n del Sistema Municipal DIF Calera, instituci\u00f3n que hizo posible la realizaci\u00f3n del evento y que contin\u00faa impulsando acciones en favor de los sectores m\u00e1s j\u00f3venes del municipio.<\/p>\n<p>Con este arranque, el Gobierno Municipal de C<\/p>\n","protected":false},"excerpt":{"rendered":"<p>Calera, Zacatecas.\u2013 El alcalde de Calera, Profe Miguel Murillo, dio inicio a los festejos por el D\u00eda del Ni\u00f1o y la Ni\u00f1a con un evento lleno<span class=\"excerpt-hellip\"> [\u2026]<\/span><\/p>\n","protected":false},"author":2,"featured_media":27453,"comment_status":"open","ping_status":"open","sticky":false,"template":"","format":"standard","meta":{"footnotes":""},"categories":[24],"tags":[],"class_list":["post-27452","post","type-post","status-publish","format-standard","has-post-thumbnail","hentry","category-calera"],"_links":{"self":[{"href":"https:\/\/sientetupasion.com\/index.php\/wp-json\/wp\/v2\/posts\/27452","targetHints":{"allow":["GET"]}}],"collection":[{"href":"https:\/\/sientetupasion.com\/index.php\/wp-json\/wp\/v2\/posts"}],"about":[{"href":"https:\/\/sientetupasion.com\/index.php\/wp-json\/wp\/v2\/types\/post"}],"author":[{"embeddable":true,"href":"https:\/\/sientetupasion.com\/index.php\/wp-json\/wp\/v2\/users\/2"}],"replies":[{"embeddable":true,"href":"https:\/\/sientetupasion.com\/index.php\/wp-json\/wp\/v2\/comments?post=27452"}],"version-history":[{"count":1,"href":"https:\/\/sientetupasion.com\/index.php\/wp-json\/wp\/v2\/posts\/27452\/revisions"}],"predecessor-version":[{"id":27454,"href":"https:\/\/sientetupasion.com\/index.php\/wp-json\/wp\/v2\/posts\/27452\/revisions\/27454"}],"wp:featuredmedia":[{"embeddable":true,"href":"https:\/\/sientetupasion.com\/index.php\/wp-json\/wp\/v2\/media\/27453"}],"wp:attachment":[{"href":"https:\/\/sientetupasion.com\/index.php\/wp-json\/wp\/v2\/media?parent=27452"}],"wp:term":[{"taxonomy":"category","embeddable":true,"href":"https:\/\/sientetupasion.com\/index.php\/wp-json\/wp\/v2\/categories?post=27452"},{"taxonomy":"post_tag","embeddable":true,"href":"https:\/\/sientetupasion.com\/index.php\/wp-json\/wp\/v2\/tags?post=27452"}],"curies":[{"name":"wp","href":"https:\/\/api.w.org\/{rel}","templated":true}]}}