{"id":252,"date":"2024-08-16T11:36:17","date_gmt":"2024-08-16T11:36:17","guid":{"rendered":"https:\/\/sientetupasion.com\/?p=252"},"modified":"2024-08-16T11:36:17","modified_gmt":"2024-08-16T11:36:17","slug":"inicia-curso-basico-de-lengua-de-senas-mexicana-dirigido-a-personas-operadoras-de-transporte-de-pasaje","status":"publish","type":"post","link":"https:\/\/sientetupasion.com\/index.php\/2024\/08\/16\/inicia-curso-basico-de-lengua-de-senas-mexicana-dirigido-a-personas-operadoras-de-transporte-de-pasaje\/","title":{"rendered":"Inicia curso b\u00e1sico de \u201cLengua de se\u00f1as mexicana\u201d dirigido a personas operadoras de transporte de pasaje"},"content":{"rendered":"<p>\u2022\tLa capacitaci\u00f3n tendr\u00e1 una duraci\u00f3n de cuatro meses<\/p>\n<p>Hermosillo, Sonora; 15 de agosto de 2024.- Con el objetivo de fortalecer las habilidades de las personas operadoras del transporte de pasaje y brindar un servicio m\u00e1s inclusivo, inici\u00f3 el curso b\u00e1sico de \u201cLengua de Se\u00f1as Mexicana\u201d en las instalaciones de la Direcci\u00f3n Regional Hermosillo del Imtes.<\/p>\n<p>El Instituto de Movilidad y Transporte para el Estado de Sonora (Imtes), en coordinaci\u00f3n con el Sistema DIF Sonora, organizaron dicho curso dirigido a mujeres y hombres responsables de taxis, transporte urbano, escolar, especializado y de turismo.<\/p>\n<p>Kassandra Soto Irineo, directora general de Movilidad y Seguridad Vial del Imtes, y F\u00e9lix Higuera Romero, director de Atenci\u00f3n a Personas con Discapacidad de DIF Sonora, fueron los encargados de dar la bienvenida a las y los participantes.<\/p>\n<p>El Gobierno de Sonora a trav\u00e9s del Imtes, con el apoyo del Sistema DIF Sonora, trabajan coordinadamente con diferentes acciones para fortalecer la integraci\u00f3n y la funcionalidad en los esquemas de movilidad para que haya as\u00ed un mejor servicio y relaci\u00f3n con las personas usuarias con discapacidad auditiva.<\/p>\n<p>\u201cHoy en d\u00eda tenemos una poblaci\u00f3n numerosa de personas en condici\u00f3n de discapacidad auditiva, y queremos que el personal de movilidad y transporte sean parte de este proyecto de la inclusi\u00f3n social de las personas, en espec\u00edfico, de las personas que est\u00e1n en condici\u00f3n de sordera\u201d, expres\u00f3 Higuera Romero.<\/p>\n<p>Soto Irineo, por su parte, resalt\u00f3 la importancia de capacitar a las personas operadoras del transporte de pasaje con el curso de \u201cLengua de Se\u00f1as Mexicana\u201d, ya que representa un paso m\u00e1s para garantizar el derecho a la movilidad.<\/p>\n<p>El curso de \u201cLengua de Se\u00f1as Mexicana\u201d tendr\u00e1 una duraci\u00f3n de cuatro meses, y al acreditarlo las personas inscritas, recibir\u00e1n un diploma y pasar\u00e1n a formar parte de un directorio estatal que se har\u00e1 llegar a las instituciones de salud, rehabilitaci\u00f3n y asistencia.<\/p>\n","protected":false},"excerpt":{"rendered":"<p>\u2022 La capacitaci\u00f3n tendr\u00e1 una duraci\u00f3n de cuatro meses Hermosillo, Sonora; 15 de agosto de 2024.- Con el objetivo de fortalecer las habilidades de las personas<span class=\"excerpt-hellip\"> [\u2026]<\/span><\/p>\n","protected":false},"author":2,"featured_media":253,"comment_status":"open","ping_status":"open","sticky":false,"template":"","format":"standard","meta":{"footnotes":""},"categories":[7],"tags":[],"class_list":["post-252","post","type-post","status-publish","format-standard","has-post-thumbnail","hentry","category-nacionales"],"_links":{"self":[{"href":"https:\/\/sientetupasion.com\/index.php\/wp-json\/wp\/v2\/posts\/252","targetHints":{"allow":["GET"]}}],"collection":[{"href":"https:\/\/sientetupasion.com\/index.php\/wp-json\/wp\/v2\/posts"}],"about":[{"href":"https:\/\/sientetupasion.com\/index.php\/wp-json\/wp\/v2\/types\/post"}],"author":[{"embeddable":true,"href":"https:\/\/sientetupasion.com\/index.php\/wp-json\/wp\/v2\/users\/2"}],"replies":[{"embeddable":true,"href":"https:\/\/sientetupasion.com\/index.php\/wp-json\/wp\/v2\/comments?post=252"}],"version-history":[{"count":1,"href":"https:\/\/sientetupasion.com\/index.php\/wp-json\/wp\/v2\/posts\/252\/revisions"}],"predecessor-version":[{"id":254,"href":"https:\/\/sientetupasion.com\/index.php\/wp-json\/wp\/v2\/posts\/252\/revisions\/254"}],"wp:featuredmedia":[{"embeddable":true,"href":"https:\/\/sientetupasion.com\/index.php\/wp-json\/wp\/v2\/media\/253"}],"wp:attachment":[{"href":"https:\/\/sientetupasion.com\/index.php\/wp-json\/wp\/v2\/media?parent=252"}],"wp:term":[{"taxonomy":"category","embeddable":true,"href":"https:\/\/sientetupasion.com\/index.php\/wp-json\/wp\/v2\/categories?post=252"},{"taxonomy":"post_tag","embeddable":true,"href":"https:\/\/sientetupasion.com\/index.php\/wp-json\/wp\/v2\/tags?post=252"}],"curies":[{"name":"wp","href":"https:\/\/api.w.org\/{rel}","templated":true}]}}