{"id":24810,"date":"2026-03-03T03:23:57","date_gmt":"2026-03-03T09:23:57","guid":{"rendered":"https:\/\/sientetupasion.com\/?p=24810"},"modified":"2026-03-03T03:23:57","modified_gmt":"2026-03-03T09:23:57","slug":"realizan-honores-a-la-bandera-y-entregan-reconocimientos-a-instituciones-educativas-en-calera","status":"publish","type":"post","link":"https:\/\/sientetupasion.com\/index.php\/2026\/03\/03\/realizan-honores-a-la-bandera-y-entregan-reconocimientos-a-instituciones-educativas-en-calera\/","title":{"rendered":"Realizan honores a la Bandera y entregan reconocimientos a instituciones educativas en Calera"},"content":{"rendered":"<p>Realizan honores a la Bandera y entregan reconocimientos a instituciones educativas en Calera<\/p>\n<p>Como parte de las actividades c\u00edvicas que fortalecen los valores patrios y la identidad nacional, la Administraci\u00f3n Municipal 2024\u20132027 llev\u00f3 a cabo la ceremonia de honores a la Bandera Nacional, acto que se realiza de manera peri\u00f3dica el primer lunes de cada mes.<\/p>\n<p>Posteriormente, autoridades municipales hicieron entrega de reconocimientos a las bandas de guerra de las escuelas J. Jes\u00fas Gonz\u00e1lez Ortega y Secundaria Juventino Rosas, en reconocimiento a su destacada participaci\u00f3n dentro de la Competencia Estatal de Banda de Guerra, poniendo en alto el nombre del municipio gracias a su disciplina, esfuerzo y dedicaci\u00f3n.<\/p>\n<p>Durante el evento tambi\u00e9n se rindi\u00f3 un merecido homenaje a la maestra Luz Mar\u00eda Correa \u00c1lvarez, quien fue reconocida por sus 32 a\u00f1os de servicio educativo, destacando su compromiso, vocaci\u00f3n y valiosa contribuci\u00f3n en la formaci\u00f3n de generaciones que han fortalecido el desarrollo social de la comunidad.<\/p>\n<p>Con este acto c\u00edvico, el Gobierno Municipal dio inicio a la primera semana del mes de marzo, reiterando su compromiso de continuar promoviendo la educaci\u00f3n, el respeto a los s\u00edmbolos patrios y el reconocimiento a quienes contribuyen al bienestar de la sociedad.<\/p>\n","protected":false},"excerpt":{"rendered":"<p>Realizan honores a la Bandera y entregan reconocimientos a instituciones educativas en Calera Como parte de las actividades c\u00edvicas que fortalecen los valores patrios y la<span class=\"excerpt-hellip\"> [\u2026]<\/span><\/p>\n","protected":false},"author":2,"featured_media":24811,"comment_status":"open","ping_status":"open","sticky":false,"template":"","format":"standard","meta":{"footnotes":""},"categories":[24],"tags":[],"class_list":["post-24810","post","type-post","status-publish","format-standard","has-post-thumbnail","hentry","category-calera"],"_links":{"self":[{"href":"https:\/\/sientetupasion.com\/index.php\/wp-json\/wp\/v2\/posts\/24810","targetHints":{"allow":["GET"]}}],"collection":[{"href":"https:\/\/sientetupasion.com\/index.php\/wp-json\/wp\/v2\/posts"}],"about":[{"href":"https:\/\/sientetupasion.com\/index.php\/wp-json\/wp\/v2\/types\/post"}],"author":[{"embeddable":true,"href":"https:\/\/sientetupasion.com\/index.php\/wp-json\/wp\/v2\/users\/2"}],"replies":[{"embeddable":true,"href":"https:\/\/sientetupasion.com\/index.php\/wp-json\/wp\/v2\/comments?post=24810"}],"version-history":[{"count":1,"href":"https:\/\/sientetupasion.com\/index.php\/wp-json\/wp\/v2\/posts\/24810\/revisions"}],"predecessor-version":[{"id":24812,"href":"https:\/\/sientetupasion.com\/index.php\/wp-json\/wp\/v2\/posts\/24810\/revisions\/24812"}],"wp:featuredmedia":[{"embeddable":true,"href":"https:\/\/sientetupasion.com\/index.php\/wp-json\/wp\/v2\/media\/24811"}],"wp:attachment":[{"href":"https:\/\/sientetupasion.com\/index.php\/wp-json\/wp\/v2\/media?parent=24810"}],"wp:term":[{"taxonomy":"category","embeddable":true,"href":"https:\/\/sientetupasion.com\/index.php\/wp-json\/wp\/v2\/categories?post=24810"},{"taxonomy":"post_tag","embeddable":true,"href":"https:\/\/sientetupasion.com\/index.php\/wp-json\/wp\/v2\/tags?post=24810"}],"curies":[{"name":"wp","href":"https:\/\/api.w.org\/{rel}","templated":true}]}}