{"id":243,"date":"2024-08-16T11:33:10","date_gmt":"2024-08-16T11:33:10","guid":{"rendered":"https:\/\/sientetupasion.com\/?p=243"},"modified":"2024-08-16T11:33:10","modified_gmt":"2024-08-16T11:33:10","slug":"capacitara-universidad-estatal-de-sonora-al-personal-del-ism-a-traves-de-dos-diplomados","status":"publish","type":"post","link":"https:\/\/sientetupasion.com\/index.php\/2024\/08\/16\/capacitara-universidad-estatal-de-sonora-al-personal-del-ism-a-traves-de-dos-diplomados\/","title":{"rendered":"Capacitar\u00e1 Universidad Estatal de Sonora al personal del ISM a trav\u00e9s de dos diplomados"},"content":{"rendered":"<p>Hermosillo, Sonora; 15 de agosto de 2024.- La Universidad Estatal de Sonora (UES) impartir\u00e1 dos diplomados al personal del Instituto Sonorense de las Mujeres (ISM), a trav\u00e9s del proyecto de capacitaci\u00f3n del Programa para el Adelanto, Bienestar e Igualdad de las Mujeres (Proabim), en Sonora, que impulsa el Instituto Nacional de las Mujeres (Inmujeres).<\/p>\n<p>La rectora de la UES, Patricia Pati\u00f1o Fierro, y la coordinadora ejecutiva del Instituto Sonorense de las Mujeres (ISM), Sheila Hern\u00e1ndez Alcaraz, formalizaron el ejercicio a trav\u00e9s de la firma de un contrato para el inicio de los diplomados e inauguraron el inicio del programa con asistencia del personal de las unidades del ISM.<\/p>\n<p>\u201cEste esfuerzo conjunto refuerza el compromiso de ambas instituciones por promover la igualdad de g\u00e9nero y garantizar que el personal del ISM cuente con las herramientas necesarias para enfrentar los retos actuales en la atenci\u00f3n y formulaci\u00f3n de pol\u00edticas p\u00fablicas\u201d, mencion\u00f3 la rectora.<\/p>\n<p>Por su parte, la titular del ISM resalt\u00f3 la importancia de la capacitaci\u00f3n continua en temas sensibles como la violencia contra las mujeres desde una perspectiva de g\u00e9nero.<\/p>\n<p>Del 15 de agosto al 11 de octubre se llevar\u00e1 a cabo el diplomado en atenci\u00f3n integral y prevenci\u00f3n de violencia contra las mujeres con perspectiva de g\u00e9nero, y del 22 de agosto al 18 de octubre se impartir\u00e1 el diplomado en pol\u00edtica p\u00fablica y perspectiva de g\u00e9nero para titulares o personal adscrito a las unidades para la igualdad de g\u00e9nero en la administraci\u00f3n p\u00fablica estatal. <\/p>\n<p>Los diplomados se impartir\u00e1n a trav\u00e9s de una plataforma en l\u00ednea, los jueves y viernes de cada semana, con una duraci\u00f3n de 120 horas cada uno.<\/p>\n","protected":false},"excerpt":{"rendered":"<p>Hermosillo, Sonora; 15 de agosto de 2024.- La Universidad Estatal de Sonora (UES) impartir\u00e1 dos diplomados al personal del Instituto Sonorense de las Mujeres (ISM), a<span class=\"excerpt-hellip\"> [\u2026]<\/span><\/p>\n","protected":false},"author":2,"featured_media":244,"comment_status":"open","ping_status":"open","sticky":false,"template":"","format":"standard","meta":{"footnotes":""},"categories":[7],"tags":[],"class_list":["post-243","post","type-post","status-publish","format-standard","has-post-thumbnail","hentry","category-nacionales"],"_links":{"self":[{"href":"https:\/\/sientetupasion.com\/index.php\/wp-json\/wp\/v2\/posts\/243","targetHints":{"allow":["GET"]}}],"collection":[{"href":"https:\/\/sientetupasion.com\/index.php\/wp-json\/wp\/v2\/posts"}],"about":[{"href":"https:\/\/sientetupasion.com\/index.php\/wp-json\/wp\/v2\/types\/post"}],"author":[{"embeddable":true,"href":"https:\/\/sientetupasion.com\/index.php\/wp-json\/wp\/v2\/users\/2"}],"replies":[{"embeddable":true,"href":"https:\/\/sientetupasion.com\/index.php\/wp-json\/wp\/v2\/comments?post=243"}],"version-history":[{"count":1,"href":"https:\/\/sientetupasion.com\/index.php\/wp-json\/wp\/v2\/posts\/243\/revisions"}],"predecessor-version":[{"id":245,"href":"https:\/\/sientetupasion.com\/index.php\/wp-json\/wp\/v2\/posts\/243\/revisions\/245"}],"wp:featuredmedia":[{"embeddable":true,"href":"https:\/\/sientetupasion.com\/index.php\/wp-json\/wp\/v2\/media\/244"}],"wp:attachment":[{"href":"https:\/\/sientetupasion.com\/index.php\/wp-json\/wp\/v2\/media?parent=243"}],"wp:term":[{"taxonomy":"category","embeddable":true,"href":"https:\/\/sientetupasion.com\/index.php\/wp-json\/wp\/v2\/categories?post=243"},{"taxonomy":"post_tag","embeddable":true,"href":"https:\/\/sientetupasion.com\/index.php\/wp-json\/wp\/v2\/tags?post=243"}],"curies":[{"name":"wp","href":"https:\/\/api.w.org\/{rel}","templated":true}]}}