{"id":240,"date":"2024-08-16T11:31:45","date_gmt":"2024-08-16T11:31:45","guid":{"rendered":"https:\/\/sientetupasion.com\/?p=240"},"modified":"2024-08-16T11:31:45","modified_gmt":"2024-08-16T11:31:45","slug":"asigna-cobach-sonora-directores-y-subdirectores-de-planteles-del-subsistema","status":"publish","type":"post","link":"https:\/\/sientetupasion.com\/index.php\/2024\/08\/16\/asigna-cobach-sonora-directores-y-subdirectores-de-planteles-del-subsistema\/","title":{"rendered":"Asigna Cobach Sonora directores y subdirectores de planteles del subsistema"},"content":{"rendered":"<p>Hermosillo Sonora; 15 de agosto de 2024. El Colegio de Bachilleres del Estado de Sonora (Cobach) asign\u00f3 los cargos de director y de subdirector Acad\u00e9mico en cinco planteles del subsistema educativo, en estricto apego a la normativa emitida por la Unidad del Sistema para la Carrera de Maestros (Usicamm), a fin de garantizar la transparencia en el proceso de selecci\u00f3n.<\/p>\n<p>El director general del Cobach, Rodrigo Arturo Rosas Burgos, inform\u00f3 que, en reuni\u00f3n p\u00fablica, se asignaron los cargos de director del plantel Obreg\u00f3n 2 a la maestra Jes\u00fas Arely Meza Le\u00f3n y, de Bah\u00eda de Kino, a Fernando C\u00e9sar Robles Cordero, por un periodo de cuatro a\u00f1os.<\/p>\n<p>A convocatoria abierta, con base en una lista de prelaci\u00f3n y con la presencia de todos los participantes involucrados, se asignaron los cargos de subdirector Acad\u00e9mico para los planteles de Nogales 2, a Karla Aim\u00e9 F\u00e9lix Villegas; del Hermosillo 7, a Pamela del Carmen Corella Romero; y, de Caborca, a Francisco Javier Tapia Mart\u00ednez, dio a conocer el directivo del Cobach.<\/p>\n<p>\u201cLa realizaci\u00f3n de eventos como este son una medida de garant\u00eda para que quienes ocupan estos cargos, sean personas que cumplen con todas las caracter\u00edsticas necesarias para atender los diversos asuntos que se presentan, d\u00eda con d\u00eda, en el quehacer de los planteles. Los directores tienen una gran responsabilidad son la autoridad m\u00e1xima del plantel\u201d, indic\u00f3 Rosas Burgos.<\/p>\n<p>Durante la reuni\u00f3n presencial y con los aspirantes conectados en l\u00ednea, estuvieron autoridades de la Unidad Usicamm en el estado (Usicammes) y de la Unidad de Enlace Educativo en Sonora, del \u00d3rgano Interno de Control (OIC) representantes sindicales y las observadoras ciudadanas Gisel Am\u00e9rica Apodaca N\u00fa\u00f1ez y Elisa Medrano Ant\u00fanez como testigos del proceso de asignaci\u00f3n.<\/p>\n","protected":false},"excerpt":{"rendered":"<p>Hermosillo Sonora; 15 de agosto de 2024. El Colegio de Bachilleres del Estado de Sonora (Cobach) asign\u00f3 los cargos de director y de subdirector Acad\u00e9mico en<span class=\"excerpt-hellip\"> [\u2026]<\/span><\/p>\n","protected":false},"author":2,"featured_media":241,"comment_status":"open","ping_status":"open","sticky":false,"template":"","format":"standard","meta":{"footnotes":""},"categories":[7],"tags":[],"class_list":["post-240","post","type-post","status-publish","format-standard","has-post-thumbnail","hentry","category-nacionales"],"_links":{"self":[{"href":"https:\/\/sientetupasion.com\/index.php\/wp-json\/wp\/v2\/posts\/240","targetHints":{"allow":["GET"]}}],"collection":[{"href":"https:\/\/sientetupasion.com\/index.php\/wp-json\/wp\/v2\/posts"}],"about":[{"href":"https:\/\/sientetupasion.com\/index.php\/wp-json\/wp\/v2\/types\/post"}],"author":[{"embeddable":true,"href":"https:\/\/sientetupasion.com\/index.php\/wp-json\/wp\/v2\/users\/2"}],"replies":[{"embeddable":true,"href":"https:\/\/sientetupasion.com\/index.php\/wp-json\/wp\/v2\/comments?post=240"}],"version-history":[{"count":1,"href":"https:\/\/sientetupasion.com\/index.php\/wp-json\/wp\/v2\/posts\/240\/revisions"}],"predecessor-version":[{"id":242,"href":"https:\/\/sientetupasion.com\/index.php\/wp-json\/wp\/v2\/posts\/240\/revisions\/242"}],"wp:featuredmedia":[{"embeddable":true,"href":"https:\/\/sientetupasion.com\/index.php\/wp-json\/wp\/v2\/media\/241"}],"wp:attachment":[{"href":"https:\/\/sientetupasion.com\/index.php\/wp-json\/wp\/v2\/media?parent=240"}],"wp:term":[{"taxonomy":"category","embeddable":true,"href":"https:\/\/sientetupasion.com\/index.php\/wp-json\/wp\/v2\/categories?post=240"},{"taxonomy":"post_tag","embeddable":true,"href":"https:\/\/sientetupasion.com\/index.php\/wp-json\/wp\/v2\/tags?post=240"}],"curies":[{"name":"wp","href":"https:\/\/api.w.org\/{rel}","templated":true}]}}