{"id":228,"date":"2024-08-16T11:25:22","date_gmt":"2024-08-16T11:25:22","guid":{"rendered":"https:\/\/sientetupasion.com\/?p=228"},"modified":"2024-08-16T11:25:22","modified_gmt":"2024-08-16T11:25:22","slug":"entregan-gobierno-de-sonora-y-cfe-ampliacion-de-red-electrica-en-potam","status":"publish","type":"post","link":"https:\/\/sientetupasion.com\/index.php\/2024\/08\/16\/entregan-gobierno-de-sonora-y-cfe-ampliacion-de-red-electrica-en-potam\/","title":{"rendered":"Entregan Gobierno de Sonora y CFE ampliaci\u00f3n de red el\u00e9ctrica en P\u00f3tam"},"content":{"rendered":"<p>Guaymas, Sonora; 15 de agosto de 2024.- El Gobierno de Sonora, a trav\u00e9s de la Secretar\u00eda de Desarrollo Social (Sedesson) y en coordinaci\u00f3n con la Comisi\u00f3n Federal de Electricidad (CFE), hizo entrega de la obra de ampliaci\u00f3n de red el\u00e9ctrica en los sectores Aguile\u00f1o Centro y Barrio M\u00e9rida, en P\u00f3tam.<\/p>\n<p>Esta obra consiste en la instalaci\u00f3n de siete transformadores y 30 mufas domiciliarias, as\u00ed como la colocaci\u00f3n de 15 postes con cableado a\u00e9reo, que implic\u00f3 una inversi\u00f3n de 893 mil 437 pesos, beneficiando directamente a 30 familias.<\/p>\n<p>La titular de Sedesson, Wendy Brice\u00f1o Zuloaga, detall\u00f3 que, as\u00ed como lo ha instruido el gobernador Alfonso Durazo Monta\u00f1o, es necesario el trabajo a ras de suelo para que los servicios b\u00e1sicos lleguen a todas las comunidades, incluyendo de manera importante a nuestros pueblos ind\u00edgenas.<\/p>\n<p>\u201cAqu\u00ed estamos hablando de un beneficio colectivo, un servicio que todas y todos necesitamos diariamente, m\u00e1s con las altas temperaturas que vivimos en nuestro estado\u201d, coment\u00f3 Wendy Brice\u00f1o.<\/p>\n<p>El compromiso del Gobierno de Sonora a trav\u00e9s de sus distintas dependencias es trabajar en coordinaci\u00f3n con entes federales, municipales y autoridades tradicionales con el objetivo de mejorar la calidad de vida de todas las comunidades en el estado.<\/p>\n<p>\u200a<\/p>\n","protected":false},"excerpt":{"rendered":"<p>Guaymas, Sonora; 15 de agosto de 2024.- El Gobierno de Sonora, a trav\u00e9s de la Secretar\u00eda de Desarrollo Social (Sedesson) y en coordinaci\u00f3n con la Comisi\u00f3n<span class=\"excerpt-hellip\"> [\u2026]<\/span><\/p>\n","protected":false},"author":2,"featured_media":229,"comment_status":"open","ping_status":"open","sticky":false,"template":"","format":"standard","meta":{"footnotes":""},"categories":[7],"tags":[],"class_list":["post-228","post","type-post","status-publish","format-standard","has-post-thumbnail","hentry","category-nacionales"],"_links":{"self":[{"href":"https:\/\/sientetupasion.com\/index.php\/wp-json\/wp\/v2\/posts\/228","targetHints":{"allow":["GET"]}}],"collection":[{"href":"https:\/\/sientetupasion.com\/index.php\/wp-json\/wp\/v2\/posts"}],"about":[{"href":"https:\/\/sientetupasion.com\/index.php\/wp-json\/wp\/v2\/types\/post"}],"author":[{"embeddable":true,"href":"https:\/\/sientetupasion.com\/index.php\/wp-json\/wp\/v2\/users\/2"}],"replies":[{"embeddable":true,"href":"https:\/\/sientetupasion.com\/index.php\/wp-json\/wp\/v2\/comments?post=228"}],"version-history":[{"count":1,"href":"https:\/\/sientetupasion.com\/index.php\/wp-json\/wp\/v2\/posts\/228\/revisions"}],"predecessor-version":[{"id":230,"href":"https:\/\/sientetupasion.com\/index.php\/wp-json\/wp\/v2\/posts\/228\/revisions\/230"}],"wp:featuredmedia":[{"embeddable":true,"href":"https:\/\/sientetupasion.com\/index.php\/wp-json\/wp\/v2\/media\/229"}],"wp:attachment":[{"href":"https:\/\/sientetupasion.com\/index.php\/wp-json\/wp\/v2\/media?parent=228"}],"wp:term":[{"taxonomy":"category","embeddable":true,"href":"https:\/\/sientetupasion.com\/index.php\/wp-json\/wp\/v2\/categories?post=228"},{"taxonomy":"post_tag","embeddable":true,"href":"https:\/\/sientetupasion.com\/index.php\/wp-json\/wp\/v2\/tags?post=228"}],"curies":[{"name":"wp","href":"https:\/\/api.w.org\/{rel}","templated":true}]}}