{"id":20459,"date":"2025-11-05T08:07:27","date_gmt":"2025-11-05T14:07:27","guid":{"rendered":"https:\/\/sientetupasion.com\/?p=20459"},"modified":"2025-11-05T08:07:27","modified_gmt":"2025-11-05T14:07:27","slug":"ninas-ninos-y-adolescentes-no-pueden-seguir-invisibles-pt-va-por-reforma-constitucional-en-zacatecas","status":"publish","type":"post","link":"https:\/\/sientetupasion.com\/index.php\/2025\/11\/05\/ninas-ninos-y-adolescentes-no-pueden-seguir-invisibles-pt-va-por-reforma-constitucional-en-zacatecas\/","title":{"rendered":"*NI\u00d1AS, NI\u00d1OS Y ADOLESCENTES NO PUEDEN SEGUIR INVISIBLES: PT VA POR REFORMA CONSTITUCIONAL EN ZACATECAS*"},"content":{"rendered":"<p>\ud83d\udd34\ud83d\udfe1\ud83d\udc67\ud83c\udffb\ud83d\udc76\ud83c\udffd   A nombre del Grupo Parlamentario del Partido del Trabajo (GPPT), la diputada Renata \u00c1vila Valadez, present\u00f3 ante el Pleno de la LXV Legislatura, la Iniciativa para reformar el primer p\u00e1rrafo del Art\u00edculo 21 de la Constituci\u00f3n Pol\u00edtica del Estado, a fin de incorporar el principio del inter\u00e9s superior de la ni\u00f1ez y la adolescencia como criterio rector y vinculante en todas las pol\u00edticas p\u00fablicas, actos administrativos, decisiones legislativas y resoluciones judiciales en la entidad.<br \/>\n\u201cHoy presentamos una reforma que coloca en el centro a quienes m\u00e1s necesitan ser escuchados y protegidos: las ni\u00f1as, los ni\u00f1os y las y adolescentes de Zacatecas (\u2026) Esta iniciativa nace de la convicci\u00f3n profunda de que la infancia no puede seguir siendo un asunto secundario o declarado solo en discursos\u201d, se\u00f1al\u00f3 la legisladora.<br \/>\n\u00c1vila explic\u00f3 que dicho principio \u201ctiene que estar en la Constituci\u00f3n, y tiene que ser una gu\u00eda obligatoria para todas las decisiones del Estado\u201d, ya que, aunque la Constituci\u00f3n Federal, los tratados internacionales y la jurisprudencia establecen con claridad que ni\u00f1as, ni\u00f1os y adolescentes son sujetos plenos de derechos, en Zacatecas ese reconocimiento a\u00fan no est\u00e1 expresado de manera directa en la Constituci\u00f3n local, lo que limita la construcci\u00f3n de pol\u00edticas p\u00fablicas y sistemas efectivos de protecci\u00f3n integral.<br \/>\nRenata \u00c1vila explic\u00f3 que cuando la Constituci\u00f3n nombra, protege y cuando la Constituci\u00f3n reconoce, obliga, por lo que es necesario decirlo: \u201cZacatecas tiene la responsabilidad de garantizar el desarrollo, el bienestar y la participaci\u00f3n activa de ni\u00f1as, ni\u00f1os y adolescentes, y debe hacerlo desde la m\u00e1xima jerarqu\u00eda jur\u00eddica del Estado.\u201d<br \/>\nAsimismo, \u00c1vila Valadez enfatiz\u00f3 que el principio del inter\u00e9s superior no es un concepto ret\u00f3rico, sino que implica que cuando haya decisiones en juego, siempre debe privilegiarse aquello que m\u00e1s favorezca el pleno desarrollo f\u00edsico, emocional, educativo, afectivo y comunitario de la infancia y adolescencia.<br \/>\nAsimismo, destac\u00f3 que esta reforma abre la puerta a presupuestos con enfoque de infancia, fortalecimiento del Sistema Estatal de Protecci\u00f3n Integral, pol\u00edticas interinstitucionales y mejores herramientas para prevenir violencias, abandono, reclutamiento, desigualdad y exclusi\u00f3n.<br \/>\nSe\u00f1al\u00f3 que actualmente, el texto constitucional local reconoce derechos humanos en general, pero no visibiliza a ni\u00f1as, ni\u00f1os y adolescentes como sujetos plenos de derecho ni obliga a que el gobierno dise\u00f1e, ejecute y eval\u00fae pol\u00edticas p\u00fablicas que los prioricen.<br \/>\nPor lo anterior, reiter\u00f3 que, con la reforma, el Estado deber\u00e1, en cada decisi\u00f3n, en cada presupuesto, en cada programa y en cada sentencia, privilegiar el bienestar, desarrollo y protecci\u00f3n integral de ni\u00f1as, ni\u00f1os y adolescentes.<br \/>\nZacatecas enfrenta problem\u00e1ticas graves vinculadas a infancias: pobreza infantil, violencia familiar, rezago escolar, migraci\u00f3n temprana y riesgos asociados a contextos de inseguridad. Por ello, destac\u00f3, no hay forma de revertir esa realidad sin partir del principio constitucional de protecci\u00f3n reforzada.<br \/>\n\u201cEsta reforma no es decorativa: es un mandato jur\u00eddico vinculante para que el Estado y los municipios tengan que poner primero a ni\u00f1as y ni\u00f1os en cada decisi\u00f3n\u201d, se\u00f1al\u00f3 la diputada.<br \/>\nA\u00f1adi\u00f3 que la armonizaci\u00f3n constitucional permitir\u00e1 adem\u00e1s generar con mayor eficacia observatorios, defensor\u00edas, l\u00edneas presupuestales y mecanismos de seguimiento, fortaleciendo la protecci\u00f3n de la infancia desde la base normativa.<br \/>\nLa iniciativa fue suscrita por diputadas y diputados de diversas fracciones parlamentarias y fue turnada a comisiones para su an\u00e1lisis, discusi\u00f3n y dictaminaci\u00f3n.<\/p>\n","protected":false},"excerpt":{"rendered":"<p>\ud83d\udd34\ud83d\udfe1\ud83d\udc67\ud83c\udffb\ud83d\udc76\ud83c\udffd A nombre del Grupo Parlamentario del Partido del Trabajo (GPPT), la diputada Renata \u00c1vila Valadez, present\u00f3 ante el Pleno de la LXV Legislatura, la Iniciativa<span class=\"excerpt-hellip\"> [\u2026]<\/span><\/p>\n","protected":false},"author":2,"featured_media":20460,"comment_status":"open","ping_status":"open","sticky":false,"template":"","format":"standard","meta":{"footnotes":""},"categories":[8],"tags":[],"class_list":["post-20459","post","type-post","status-publish","format-standard","has-post-thumbnail","hentry","category-politica"],"_links":{"self":[{"href":"https:\/\/sientetupasion.com\/index.php\/wp-json\/wp\/v2\/posts\/20459","targetHints":{"allow":["GET"]}}],"collection":[{"href":"https:\/\/sientetupasion.com\/index.php\/wp-json\/wp\/v2\/posts"}],"about":[{"href":"https:\/\/sientetupasion.com\/index.php\/wp-json\/wp\/v2\/types\/post"}],"author":[{"embeddable":true,"href":"https:\/\/sientetupasion.com\/index.php\/wp-json\/wp\/v2\/users\/2"}],"replies":[{"embeddable":true,"href":"https:\/\/sientetupasion.com\/index.php\/wp-json\/wp\/v2\/comments?post=20459"}],"version-history":[{"count":1,"href":"https:\/\/sientetupasion.com\/index.php\/wp-json\/wp\/v2\/posts\/20459\/revisions"}],"predecessor-version":[{"id":20461,"href":"https:\/\/sientetupasion.com\/index.php\/wp-json\/wp\/v2\/posts\/20459\/revisions\/20461"}],"wp:featuredmedia":[{"embeddable":true,"href":"https:\/\/sientetupasion.com\/index.php\/wp-json\/wp\/v2\/media\/20460"}],"wp:attachment":[{"href":"https:\/\/sientetupasion.com\/index.php\/wp-json\/wp\/v2\/media?parent=20459"}],"wp:term":[{"taxonomy":"category","embeddable":true,"href":"https:\/\/sientetupasion.com\/index.php\/wp-json\/wp\/v2\/categories?post=20459"},{"taxonomy":"post_tag","embeddable":true,"href":"https:\/\/sientetupasion.com\/index.php\/wp-json\/wp\/v2\/tags?post=20459"}],"curies":[{"name":"wp","href":"https:\/\/api.w.org\/{rel}","templated":true}]}}