{"id":20452,"date":"2025-11-05T07:58:24","date_gmt":"2025-11-05T13:58:24","guid":{"rendered":"https:\/\/sientetupasion.com\/?p=20452"},"modified":"2025-11-05T07:59:04","modified_gmt":"2025-11-05T13:59:04","slug":"propone-karla-estrada-seguridad-para-luchadores-sociales-periodistas-y-alcaldes-que-alcen-la-voz","status":"publish","type":"post","link":"https:\/\/sientetupasion.com\/index.php\/2025\/11\/05\/propone-karla-estrada-seguridad-para-luchadores-sociales-periodistas-y-alcaldes-que-alcen-la-voz\/","title":{"rendered":"PROPONE KARLA ESTRADA SEGURIDAD PARA LUCHADORES SOCIALES, PERIODISTAS Y ALCALDES QUE ALCEN LA VOZ"},"content":{"rendered":"<p>\u2022 Dichas acciones se dar\u00edan a trav\u00e9s de la conformaci\u00f3n de una mesa de trabajo conjunta entre poderes.<br \/>\n\u2022 Desde esta Tribuna, solicit\u00f3 adem\u00e1s, a modo de solidaridad guardar un minuto de silencio en memoria del Alcalde Carlos Manzo. <\/p>\n<p>Zacatecas, Zacatecas &#8211; Ante el dolor nacional provocado por el asesinato del alcalde de Uruapan, Michoac\u00e1n, Carlos Manzo, la Diputada local, Karla Estrada, subi\u00f3 a tribuna en el Congreso del Estado para proponer un plan de seguridad enfocado en la protecci\u00f3n inmediata de quienes alzan la voz, destacando la necesidad de convocar una cumbre de seguridad de alto nivel con el titular del Ejecutivo y los alcaldes del estado.<\/p>\n<p>La propuesta central y m\u00e1s enf\u00e1tica de la Diputada Estrada busca una respuesta proactiva y coordinada ante la violencia que amenaza a las figuras p\u00fablicas, periodistas y  activistas.<\/p>\n<p>Consiste en convocar a los presidentes municipales y al gobernador, para que de manera conjunta con esta Legislatura, se establezcan estrategias claras, directas y personalizadas en materia de seguridad, especialmente en la protecci\u00f3n de quienes alzan la voz frente a la injusticia.<\/p>\n<p>En su mensaje indic\u00f3 que \u201cM\u00e9xico est\u00e1 de luto, la noticia del cobarde asesinato del alcalde de Uruapan, Michoac\u00e1n, Carlos Manzo ha cimbrado no solo a ese estado, sino a todo el pa\u00eds y a la comunidad internacional. Este crimen es reflejo del profundo deterioro institucional que vivimos y de la debilidad del Estado mexicano frente al crimen organizado.<\/p>\n<p>\u201cCarlos Manzo no solo era un alcalde. Era un luchador social, un hombre comprometido con su gente, con las causas ciudadanas, con la justicia. Su voz fue silenciada por atreverse a hacer lo correcto, por ejercer su cargo con valor y por negarse a ser c\u00f3mplice de la corrupci\u00f3n y de la indiferencia\u201d, agreg\u00f3.<\/p>\n<p>En este sentido, la diputada hizo un llamado a la unidad y la prevenci\u00f3n priorizando la conformaci\u00f3n de una mesa de trabajo conjunta entre poderes.<\/p>\n<p>Desde esta Tribuna, solicit\u00f3 adem\u00e1s, a modo de solidaridad guardar un minuto de silencio en memoria del Alcalde Carlos Manzo. Pero sobretodo convocar a los presidentes municipales y al gobernador, para que de manera conjunta con la Legislatura, se establezcan estrategias claras, directas y personalizadas en materia de seguridad, especialmente en la protecci\u00f3n de quienes ejercen un cargo p\u00fablico o alzan la voz frente a la injusticia.<\/p>\n<p>La legisladora concluy\u00f3 con un llamado a la acci\u00f3n inmediata y a dejar de lado las diferencias pol\u00edticas, enfatizando que la seguridad es una responsabilidad sin colores partidistas. \u201cPorque si algo nos ense\u00f1a este cobarde crimen, es que cuando la sociedad se divide, la impunidad triunfa\u201d, indic\u00f3.<\/p>\n","protected":false},"excerpt":{"rendered":"<p>\u2022 Dichas acciones se dar\u00edan a trav\u00e9s de la conformaci\u00f3n de una mesa de trabajo conjunta entre poderes. \u2022 Desde esta Tribuna, solicit\u00f3 adem\u00e1s, a modo<span class=\"excerpt-hellip\"> [\u2026]<\/span><\/p>\n","protected":false},"author":2,"featured_media":20454,"comment_status":"open","ping_status":"open","sticky":false,"template":"","format":"standard","meta":{"footnotes":""},"categories":[8],"tags":[],"class_list":["post-20452","post","type-post","status-publish","format-standard","has-post-thumbnail","hentry","category-politica"],"_links":{"self":[{"href":"https:\/\/sientetupasion.com\/index.php\/wp-json\/wp\/v2\/posts\/20452","targetHints":{"allow":["GET"]}}],"collection":[{"href":"https:\/\/sientetupasion.com\/index.php\/wp-json\/wp\/v2\/posts"}],"about":[{"href":"https:\/\/sientetupasion.com\/index.php\/wp-json\/wp\/v2\/types\/post"}],"author":[{"embeddable":true,"href":"https:\/\/sientetupasion.com\/index.php\/wp-json\/wp\/v2\/users\/2"}],"replies":[{"embeddable":true,"href":"https:\/\/sientetupasion.com\/index.php\/wp-json\/wp\/v2\/comments?post=20452"}],"version-history":[{"count":1,"href":"https:\/\/sientetupasion.com\/index.php\/wp-json\/wp\/v2\/posts\/20452\/revisions"}],"predecessor-version":[{"id":20455,"href":"https:\/\/sientetupasion.com\/index.php\/wp-json\/wp\/v2\/posts\/20452\/revisions\/20455"}],"wp:featuredmedia":[{"embeddable":true,"href":"https:\/\/sientetupasion.com\/index.php\/wp-json\/wp\/v2\/media\/20454"}],"wp:attachment":[{"href":"https:\/\/sientetupasion.com\/index.php\/wp-json\/wp\/v2\/media?parent=20452"}],"wp:term":[{"taxonomy":"category","embeddable":true,"href":"https:\/\/sientetupasion.com\/index.php\/wp-json\/wp\/v2\/categories?post=20452"},{"taxonomy":"post_tag","embeddable":true,"href":"https:\/\/sientetupasion.com\/index.php\/wp-json\/wp\/v2\/tags?post=20452"}],"curies":[{"name":"wp","href":"https:\/\/api.w.org\/{rel}","templated":true}]}}