{"id":20439,"date":"2025-11-04T12:11:43","date_gmt":"2025-11-04T18:11:43","guid":{"rendered":"https:\/\/sientetupasion.com\/?p=20439"},"modified":"2025-11-04T12:11:43","modified_gmt":"2025-11-04T18:11:43","slug":"morena-convierte-a-mexico-en-cementerio-nacional-pepe-olvera","status":"publish","type":"post","link":"https:\/\/sientetupasion.com\/index.php\/2025\/11\/04\/morena-convierte-a-mexico-en-cementerio-nacional-pepe-olvera\/","title":{"rendered":"MORENA CONVIERTE A M\u00c9XICO EN CEMENTERIO NACIONAL: PEPE OLVERA"},"content":{"rendered":"<p>\u2022 *El Delegado General del CEN conden\u00f3 el asesinato del alcalde de Uruapan, Michoac\u00e1n, Carlos Manzo Rodr\u00edguez.*<\/p>\n<p>Al asegurar que desde hace 7 a\u00f1os, M\u00e9xico se ha convertido en un cementerio nacional. Pasando de la triste c\u00e9lebre frase \u201cabrazos, no balazos\u201d, al \u201cno regresar\u00e1 la guerra contra el narco que tanto da\u00f1o le ha hecho al pa\u00eds\u201d, el Delegado General del CEN del PRI, Jos\u00e9 Marco Antonio Olvera Acevedo conden\u00f3 en\u00e9rgicamente el asesinato del alcalde de Uruapan, Michoac\u00e1n, Carlos Manzo Rodr\u00edguez. <\/p>\n<p>En M\u00e9xico, s\u00f3lo ser opositor es una raz\u00f3n para ser asesinado. Enfrentar al narcogobierno, terrorista y comunista, de Morena y sus socios del crimen organizado al mismo tiempo representa un riesgo alt\u00edsimo, que debemos correr para evitar que el pa\u00eds se convierta en una gran fosa com\u00fan, indic\u00f3.<\/p>\n<p>Al encabezar la semanal rueda de prensa del PRI, Olvera Acevedo subray\u00f3 que la delincuencia y el crimen organizado le apuntan con un arma a M\u00e9xico y a millones de familias mexicanas todos los d\u00edas. Por lo que cuestion\u00f3 \u00bfCu\u00e1ntos m\u00e1s? Cu\u00e1ntas balas m\u00e1s tienen que seguir acabando con la vida de personas inocentes mientras que Morena rechaza toda ayuda y colaboraci\u00f3n por parte del Gobierno de los Estados Unidos, nuestro principal socio comercial, aliado y vecino, para garantizar la seguridad regional frente al crimen organizado.<\/p>\n<p>Ante la crisis de inseguridad que vive M\u00e9xico y Zacatecas, el Delegado General enfatiz\u00f3 que culpables son quienes empu\u00f1an el arma y disparan, as\u00ed como los incapaces de poner orden y encontrar a quienes aprietan los gatillos, y los que apoyan y garantizan impunidad a los asesinos.<\/p>\n<p>Enfatiz\u00f3 que el narcogobierno de Morena ha hecho de nuestro pa\u00eds un Estado fallido, que se queda paralizado mientras el 60% del territorio nacional es controlado por los c\u00e1rteles de la droga y el crimen organizado. Donde existen drones con explosivos, coches bomba, fosas clandestinas, campos de exterminio, narcolanchas, m\u00e1s de 227 mil muertos, m\u00e1s de 6 mil feminicidios y m\u00e1s de 130 mil personas desaparecidas. <\/p>\n<p>Por ello pidi\u00f3 a las autoridades renunciar si no pueden, porque su estrategia ha fallado, viene fallando desde hace 7 a\u00f1os y s\u00f3lo han demostrado incapacidad, improvisaci\u00f3n, descoordinaci\u00f3n y contubernios con los delincuentes. <\/p>\n<p>El Delegado General del CEN, Jos\u00e9 Marco Antonio Olvera Acevedo exigi\u00f3 justicia para las v\u00edctimas de la violencia que azota al pa\u00eds y sus familias, y puntualiz\u00f3 que desde el partido se trabaja para dejar atr\u00e1s la etapa m\u00e1s oscura y sombr\u00eda de la vida democr\u00e1tica mexicana; una etapa instaurada por Morena y por su pandilla de c\u00ednicos, corruptos y narcopol\u00edticos.<\/p>\n<p>Asimismo, hizo un llamado a la paz y la reconciliaci\u00f3n en M\u00e9xico y a mantener una postura cr\u00edtica, opositora y de movilizaci\u00f3n ante los gobiernos federal y estatales de Morena.<br \/>\nFinalmente, Olvera Acevedo conden\u00f3 que durante el gobierno de Cludia Claudia Sheinbaum Pardo, 10 presidentes municipales fueran asesinados.<\/p>\n<p>La presidenta de M\u00e9xico no debe confundir al pueblo al decir que detr\u00e1s de todo esto est\u00e1 la derecha, y de forma directa nos culpa. Las crisis que se viven actualmente son por la incapacidad de los gobiernos de Morena, concluy\u00f3.<\/p>\n<p>&#8212;000&#8212;<\/p>\n","protected":false},"excerpt":{"rendered":"<p>\u2022 *El Delegado General del CEN conden\u00f3 el asesinato del alcalde de Uruapan, Michoac\u00e1n, Carlos Manzo Rodr\u00edguez.* Al asegurar que desde hace 7 a\u00f1os, M\u00e9xico se<span class=\"excerpt-hellip\"> [\u2026]<\/span><\/p>\n","protected":false},"author":2,"featured_media":20440,"comment_status":"open","ping_status":"open","sticky":false,"template":"","format":"standard","meta":{"footnotes":""},"categories":[8],"tags":[],"class_list":["post-20439","post","type-post","status-publish","format-standard","has-post-thumbnail","hentry","category-politica"],"_links":{"self":[{"href":"https:\/\/sientetupasion.com\/index.php\/wp-json\/wp\/v2\/posts\/20439","targetHints":{"allow":["GET"]}}],"collection":[{"href":"https:\/\/sientetupasion.com\/index.php\/wp-json\/wp\/v2\/posts"}],"about":[{"href":"https:\/\/sientetupasion.com\/index.php\/wp-json\/wp\/v2\/types\/post"}],"author":[{"embeddable":true,"href":"https:\/\/sientetupasion.com\/index.php\/wp-json\/wp\/v2\/users\/2"}],"replies":[{"embeddable":true,"href":"https:\/\/sientetupasion.com\/index.php\/wp-json\/wp\/v2\/comments?post=20439"}],"version-history":[{"count":1,"href":"https:\/\/sientetupasion.com\/index.php\/wp-json\/wp\/v2\/posts\/20439\/revisions"}],"predecessor-version":[{"id":20441,"href":"https:\/\/sientetupasion.com\/index.php\/wp-json\/wp\/v2\/posts\/20439\/revisions\/20441"}],"wp:featuredmedia":[{"embeddable":true,"href":"https:\/\/sientetupasion.com\/index.php\/wp-json\/wp\/v2\/media\/20440"}],"wp:attachment":[{"href":"https:\/\/sientetupasion.com\/index.php\/wp-json\/wp\/v2\/media?parent=20439"}],"wp:term":[{"taxonomy":"category","embeddable":true,"href":"https:\/\/sientetupasion.com\/index.php\/wp-json\/wp\/v2\/categories?post=20439"},{"taxonomy":"post_tag","embeddable":true,"href":"https:\/\/sientetupasion.com\/index.php\/wp-json\/wp\/v2\/tags?post=20439"}],"curies":[{"name":"wp","href":"https:\/\/api.w.org\/{rel}","templated":true}]}}