{"id":20427,"date":"2025-11-04T07:56:54","date_gmt":"2025-11-04T13:56:54","guid":{"rendered":"https:\/\/sientetupasion.com\/?p=20427"},"modified":"2025-11-04T07:56:54","modified_gmt":"2025-11-04T13:56:54","slug":"por-primera-vez-se-presentan-en-la-casona-de-xicotencatl-el-dueto-de-atlas-zaldivar-y-sebastien-huet","status":"publish","type":"post","link":"https:\/\/sientetupasion.com\/index.php\/2025\/11\/04\/por-primera-vez-se-presentan-en-la-casona-de-xicotencatl-el-dueto-de-atlas-zaldivar-y-sebastien-huet\/","title":{"rendered":"Por primera vez se presentan en la Casona de Xicot\u00e9ncatl el dueto de Atlas Zald\u00edvar y S\u00e9bastien Huet"},"content":{"rendered":"<ul>\n<li><strong><em>Los artistas mexicanos deleitaron al p\u00fablico con canciones emblem\u00e1ticas como \u201cLa bikina\u201d y \u201cLa llorona\u201d.<\/em><\/strong><\/li>\n<\/ul>\n<p>Enfocados en la difusi\u00f3n de la m\u00fasica mexicana se presentaron anoche, en la Antigua Casona de Xicot\u00e9ncatl, el dueto de salterio y guitarra, Atlas Zald\u00edvar y S\u00e9bastien Huet, quienes visiblemente emocionados agradecieron al Senado de la Rep\u00fablica su primera presentaci\u00f3n que realizan en este recinto hist\u00f3rico.<\/p>\n<p>En el patio central del recinto, los m\u00fasicos interpretaron este viernes canciones mexicanas emblem\u00e1ticas como \u201cLa bikina\u201d, \u201cLa llorona\u201d, entre otras, las cuales emocionaron a la cada vez m\u00e1s numerosa asistencia.<\/p>\n<p>Huet y Zald\u00edvar expresaron su benepl\u00e1cito por participar en la serie de Conciertos de Bellas Artes en el Senado de la Rep\u00fablica, que se han convertido en un referente de la oferta musical de la Ciudad de M\u00e9xico.<\/p>\n<p>Los m\u00fasicos abrieron su concierto con la obra \u201cLa rondinella\u201d, del mexicano Gori Cort\u00e9s, compuesta a mediados del siglo pasado; \u201cIntermezzo de Atzimba 6\u201d, de Ricardo Castro, que refiere una historia de amor entre una pur\u00e9pecha y un conquistador espa\u00f1ol.<\/p>\n<p>Adem\u00e1s, recrearon la historia de nuestro pa\u00eds a trav\u00e9s de su m\u00fasica, con \u201cLa primavera\u201d obra escrita por el mexicano Joaqu\u00edn Berist\u00e1in del M\u00e9xico independiente; la Suite mexicana, conjunto de danzas normalmente bailables de cinco movimientos: un jarabe, una serenata, un huapango, un Vals y una polka, del compositor poblano Eduardo Angulo.<\/p>\n<p>Continuaron con \u201cEl danz\u00f3n n\u00famero 2\u201d, de Arturo M\u00e1rquez, quien se lo dedic\u00f3 a su hija en 1999; y finalizaron su concierto con un popurr\u00ed de canciones populares mexicanas, al que Julio C\u00e9sar Oliva t\u00edtulo \u201cM\u00e9xico M\u00e1gico\u201d, entre ellos la \u201cLa bikina\u201d, \u201cLa llorona\u201d, y \u201cTierra Mestiza de Gerardo Tamez.<\/p>\n<p>Atlas Zald\u00edvar es un destacado salterista, licenciado en M\u00fasica por la UNAM y maestro en el Conservatorio Nacional de M\u00fasica. Fue solista con la Orquesta Filarm\u00f3nica de la Ciudad de M\u00e9xico y de la Orquesta Sinf\u00f3nica de Aguascalientes.<\/p>\n<p>Adem\u00e1s, ha ofrecido conciertos en Suiza, China, Reino Unido, Espa\u00f1a, Colombia y Brasil y es fundador del Festival de Salterio e Instrumentos T\u00edpicos Eulalio Armas, as\u00ed como del Ensamble Salterando, con el que ha impulsado la difusi\u00f3n del salterio mexicano.<\/p>\n<p>El Guitarrista franco-mexicano S\u00e9bastien Huet, es egresado de la Escuela Nacional de M\u00fasica de la UNAM con menci\u00f3n honor\u00edfica, lleva dos d\u00e9cadas en la interpretaci\u00f3n y ense\u00f1anza de la guitarra cl\u00e1sica.<\/p>\n","protected":false},"excerpt":{"rendered":"<p>Los artistas mexicanos deleitaron al p\u00fablico con canciones emblem\u00e1ticas como \u201cLa bikina\u201d y \u201cLa llorona\u201d. Enfocados en la difusi\u00f3n de la m\u00fasica mexicana se presentaron anoche,<span class=\"excerpt-hellip\"> [\u2026]<\/span><\/p>\n","protected":false},"author":2,"featured_media":20428,"comment_status":"open","ping_status":"open","sticky":false,"template":"","format":"standard","meta":{"footnotes":""},"categories":[8],"tags":[],"class_list":["post-20427","post","type-post","status-publish","format-standard","has-post-thumbnail","hentry","category-politica"],"_links":{"self":[{"href":"https:\/\/sientetupasion.com\/index.php\/wp-json\/wp\/v2\/posts\/20427","targetHints":{"allow":["GET"]}}],"collection":[{"href":"https:\/\/sientetupasion.com\/index.php\/wp-json\/wp\/v2\/posts"}],"about":[{"href":"https:\/\/sientetupasion.com\/index.php\/wp-json\/wp\/v2\/types\/post"}],"author":[{"embeddable":true,"href":"https:\/\/sientetupasion.com\/index.php\/wp-json\/wp\/v2\/users\/2"}],"replies":[{"embeddable":true,"href":"https:\/\/sientetupasion.com\/index.php\/wp-json\/wp\/v2\/comments?post=20427"}],"version-history":[{"count":1,"href":"https:\/\/sientetupasion.com\/index.php\/wp-json\/wp\/v2\/posts\/20427\/revisions"}],"predecessor-version":[{"id":20429,"href":"https:\/\/sientetupasion.com\/index.php\/wp-json\/wp\/v2\/posts\/20427\/revisions\/20429"}],"wp:featuredmedia":[{"embeddable":true,"href":"https:\/\/sientetupasion.com\/index.php\/wp-json\/wp\/v2\/media\/20428"}],"wp:attachment":[{"href":"https:\/\/sientetupasion.com\/index.php\/wp-json\/wp\/v2\/media?parent=20427"}],"wp:term":[{"taxonomy":"category","embeddable":true,"href":"https:\/\/sientetupasion.com\/index.php\/wp-json\/wp\/v2\/categories?post=20427"},{"taxonomy":"post_tag","embeddable":true,"href":"https:\/\/sientetupasion.com\/index.php\/wp-json\/wp\/v2\/tags?post=20427"}],"curies":[{"name":"wp","href":"https:\/\/api.w.org\/{rel}","templated":true}]}}