{"id":19041,"date":"2025-10-08T17:06:03","date_gmt":"2025-10-08T23:06:03","guid":{"rendered":"https:\/\/sientetupasion.com\/?p=19041"},"modified":"2025-10-08T17:06:03","modified_gmt":"2025-10-08T23:06:03","slug":"turnan-a-comisiones-23-iniciativas-presentadas-por-diputadas-y-diputados-de-morena-pan-pvem-pt-pri-y-mc","status":"publish","type":"post","link":"https:\/\/sientetupasion.com\/index.php\/2025\/10\/08\/turnan-a-comisiones-23-iniciativas-presentadas-por-diputadas-y-diputados-de-morena-pan-pvem-pt-pri-y-mc\/","title":{"rendered":"Turnan a comisiones 23 iniciativas presentadas por diputadas y diputados de Morena, PAN, PVEM, PT, PRI y MC"},"content":{"rendered":"<p align=\"justify\">Diputadas y diputados de Morena, PAN, PVEM, PT, PRI y MC presentaron en sesi\u00f3n semipresencial 23 iniciativas sobre tratamiento farmacol\u00f3gico de la obesidad, tasa cero a las personas trabajadoras de menores ingresos, conservaci\u00f3n de especies, recursos de entidades federativas, deportistas profesionales, vivienda para personal de seguridad, revisiones en escuelas, desplazamiento forzado interno, amnist\u00eda, conocimiento autodidacta, y conservaci\u00f3n vial sustentable.<\/p>\n<p align=\"justify\"><iframe loading=\"lazy\" class=\"note-video-clip\" src=\"https:\/\/www.youtube.com\/embed\/A2BIFIAXHus\" width=\"640\" height=\"360\" frameborder=\"0\" data-mce-fragment=\"1\"><\/iframe><\/p>\n<p>Tambi\u00e9n, para exentar del ISR el aguinaldo, agua potable en instituciones educativas, producci\u00f3n de semillas, protecci\u00f3n de los animales, deducible el gasto en consumo de gasolina, tasa cero en el sector m\u00e9dico, violencia institucional por omisi\u00f3n, Muro de Honor, manglares, lenguaje incluyente, actualizaci\u00f3n de denominaciones y sanciones por da\u00f1os ambientales<\/p>\n<p><b>Tratamiento farmacol\u00f3gico de la obesidad<\/b><\/p>\n<p>El diputado Fernando Jorge Castro Trenti (Morena) plante\u00f3 iniciativa que reforma la fracci\u00f3n IX del art\u00edculo 115 y la fracci\u00f3n V del art\u00edculo 159 de la Ley General de Salud, para establecer el tratamiento farmacol\u00f3gico de la obesidad con medicamentos de nueva generaci\u00f3n, conforme a los criterios establecidos en las normas, lineamientos y protocolos que para tal efecto expida la Secretar\u00eda de Salud. Se turn\u00f3 a la Comisi\u00f3n de Salud.<\/p>\n<p align=\"justify\"><iframe loading=\"lazy\" class=\"note-video-clip\" src=\"https:\/\/www.youtube.com\/embed\/WDT-ya8kjHw\" width=\"640\" height=\"360\" frameborder=\"0\" data-mce-fragment=\"1\"><\/iframe><\/p>\n<p><b>Tasa cero de ISR a las personas trabajadoras de menores ingresos<\/b><\/p>\n<p>Samantha Margarita Garza de la Garza, diputada del PAN, impulsa cambios a los art\u00edculos 96 y 152 de la Ley del Impuesto Sobre la Renta, a efecto de eliminar la retenci\u00f3n a las personas que en el mes perciban dos salarios m\u00ednimos generales correspondientes al \u00e1rea geogr\u00e1fica del contribuyente. Las personas que hayan obtenido utilidades gravables que no superen el equivalente a doce meses de dos salarios m\u00ednimos en el a\u00f1o, deber\u00e1n enterar a la autoridad el monto total de dichas utilidades en su declaraci\u00f3n anual. Fue enviada a la Comisi\u00f3n de Hacienda y Cr\u00e9dito P\u00fablico.<\/p>\n<p align=\"justify\"><iframe loading=\"lazy\" class=\"note-video-clip\" src=\"https:\/\/www.youtube.com\/embed\/Yu85vagYN_Y\" width=\"640\" height=\"360\" frameborder=\"0\" data-mce-fragment=\"1\"><\/iframe><\/p>\n<p><b>Conservaci\u00f3n, reproducci\u00f3n y reintroducci\u00f3n de especies<\/b><\/p>\n<p>A la Comisi\u00f3n de Medio Ambiente y Recursos Naturales se canaliz\u00f3 propuesta de la diputada Nayeli Arlen Fern\u00e1ndez Cruz (PVEM), que adiciona al art\u00edculo 46 de la Ley General del Equilibrio Ecol\u00f3gico y la Protecci\u00f3n al Ambiente, con el fin de precisar que en las \u00e1reas naturales protegidas podr\u00e1n implementarse programas de conservaci\u00f3n, reproducci\u00f3n y reintroducci\u00f3n de especies end\u00e9micas y nativas, como estrategia de restauraci\u00f3n de la biodiversidad y para garantizar el equilibrio ecol\u00f3gico de los ecosistemas.<\/p>\n<p align=\"justify\"><iframe loading=\"lazy\" class=\"note-video-clip\" src=\"https:\/\/www.youtube.com\/embed\/DWGL2YzgdqU\" width=\"640\" height=\"360\" frameborder=\"0\" data-mce-fragment=\"1\"><\/iframe><\/p>\n<p><b>Recursos excedentes de entidades federativas<\/b><\/p>\n<p>Por el PRI, el diputado Emilio Su\u00e1rez Licona dio cuenta de la iniciativa que reforma disposiciones de la Ley de Disciplina Financiera de las Entidades Federativas y los Municipios, para aumentar de 5 a 15 por ciento los ingresos excedentes derivados de ingresos de libre disposici\u00f3n que puedan usar las entidades que se clasifiquen en un nivel de endeudamiento sostenible en los t\u00e9rminos de la medici\u00f3n del Sistema de Alertas. Ser\u00e1 analizada por la Comisi\u00f3n Hacienda y Cr\u00e9dito P\u00fablico.<\/p>\n<p align=\"justify\"><iframe loading=\"lazy\" class=\"note-video-clip\" src=\"https:\/\/www.youtube.com\/embed\/7TGPLATxghI\" width=\"640\" height=\"360\" frameborder=\"0\" data-mce-fragment=\"1\"><\/iframe><\/p>\n<p><b>Igualdad para personas deportistas profesionales<\/b><\/p>\n<p>Las diputadas de MC, Patricia Mercado Castro y Paola Michell Longoria L\u00f3pez, presentaron iniciativa que reforma la Ley Federal del Trabajo, para incluir el principio de igualdad de g\u00e9nero en el deporte, el combate a la violencia de g\u00e9nero y la equidad salarial, adem\u00e1s de se\u00f1alar que las federaciones deber\u00e1n establecer un salario base equivalente para las ramas varonil y femenil, pudiendo incrementarse debido a las categor\u00edas o equipos, pero sin transgredirse el salario base. Se envi\u00f3 a la Comisi\u00f3n de Trabajo y Previsi\u00f3n Social.<\/p>\n<p align=\"justify\"><iframe loading=\"lazy\" class=\"note-video-clip\" src=\"https:\/\/www.youtube.com\/embed\/EcT7PIWCGYw\" width=\"640\" height=\"360\" frameborder=\"0\" data-mce-fragment=\"1\"><\/iframe><\/p>\n<p><b>Acceso a la vivienda y seguro de vida para personal de seguridad<\/b><\/p>\n<p>Del PT, la diputada Lilia Aguilar Gil ley\u00f3 propuesta que reforma el art\u00edculo 60 de la Ley General del Sistema Nacional de Seguridad P\u00fablica, a efecto de garantizar al personal de seguridad p\u00fablica su acceso a la vivienda, seguro de vida e invalidez y dem\u00e1s prestaciones laborales conforme a las leyes aplicable. Fue remitida a la Comisi\u00f3n de Seguridad Ciudadana.<\/p>\n<p align=\"justify\"><iframe loading=\"lazy\" class=\"note-video-clip\" src=\"https:\/\/www.youtube.com\/embed\/KnyFl6zvY74\" width=\"640\" height=\"360\" frameborder=\"0\" data-mce-fragment=\"1\"><\/iframe><\/p>\n<p><b>Programas para el control de objetos en escuelas<\/b><\/p>\n<p>A la Comisi\u00f3n de Educaci\u00f3n se turn\u00f3 iniciativa de la diputada Alejandra Del Valle Ram\u00edrez (Morena), que reforma la fracci\u00f3n XIV del art\u00edculo 114 de la Ley General de Educaci\u00f3n, relativa a implementar programas para el control de objetos que se puedan considerar un peligro para la integridad f\u00edsica de la comunidad educativa, y en la educaci\u00f3n media superior los programas incluir\u00e1n el Operativo Mochila Segura, que deber\u00e1 realizarse con el consentimiento previo y por escrito de madres, padres o personas tutoras. Ello, sin la participaci\u00f3n de los cuerpos policiales y solo se requerir\u00e1n cuando exista una denuncia formal por la presunta posesi\u00f3n de objetos il\u00edcitos.<\/p>\n<p align=\"justify\"><iframe loading=\"lazy\" class=\"note-video-clip\" src=\"https:\/\/www.youtube.com\/embed\/KTZoCUqBQco\" width=\"640\" height=\"360\" frameborder=\"0\" data-mce-fragment=\"1\"><\/iframe><br \/>\n<b><br \/>\nExpedir ley sobre personas en situaci\u00f3n de desplazamiento forzado<\/b><\/p>\n<p>Naty Poob Pijy Jim\u00e9nez V\u00e1squez, diputada de Morena, dio cuenta de la iniciativa que expide la Ley General para la Prevenci\u00f3n, Atenci\u00f3n y Reparaci\u00f3n Integral de Personas en Situaci\u00f3n de Desplazamiento Forzado Interno, cuya finalidad es implementar medidas para prevenir el desplazamiento forzado interno, establecer un marco garante para atender, proteger y asistir a las personas en esta situaci\u00f3n, subsanar los da\u00f1os mediante una reparaci\u00f3n integral por medio de soluciones duraderas, y se\u00f1alar la distribuci\u00f3n de competencias entre la Federaci\u00f3n, entidades federativas, municipios y demarcaciones territoriales. Se hizo llegar a la Comisi\u00f3n de Derechos Humanos para dictamen y, a la Comisi\u00f3n de Presupuesto y Cuenta P\u00fablica para opini\u00f3n.<\/p>\n<p align=\"justify\"><iframe loading=\"lazy\" class=\"note-video-clip\" src=\"https:\/\/www.youtube.com\/embed\/vw7nZi2v8f0\" width=\"640\" height=\"360\" frameborder=\"0\" data-mce-fragment=\"1\"><\/iframe><\/p>\n<p><b>Certidumbre y legalidad a la persona que solicite amnist\u00eda<\/b><\/p>\n<p>La diputada Olga Leticia Ch\u00e1vez Rojas (Morena) solicit\u00f3 reformar el art\u00edculo 3\u00b0 de la Ley de Amnist\u00eda, con el objeto de eliminar la figura de la negativa ficta y dar certidumbre y legalidad a la persona que solicite la amnist\u00eda, al precisar que, transcurrido el plazo de cuatro meses contados a partir de la presentaci\u00f3n de la solicitud, la misma se presentar\u00e1 ante el juez federal quien calificar\u00e1 la procedencia de la solicitud. Fue enviada a la Comisi\u00f3n de Justicia.<\/p>\n<p align=\"justify\"><iframe loading=\"lazy\" class=\"note-video-clip\" src=\"https:\/\/www.youtube.com\/embed\/H__E3PdsqDs\" width=\"640\" height=\"360\" frameborder=\"0\" data-mce-fragment=\"1\"><\/iframe><\/p>\n<p><b>Conocimientos adquiridos en forma autodidacta<\/b><\/p>\n<p>A la Comisi\u00f3n de Educaci\u00f3n se mand\u00f3 iniciativa del diputado Jes\u00fas Fernando Garc\u00eda Hern\u00e1ndez (PT), que reforma el art\u00edculo 145 de la Ley General de Educaci\u00f3n, cuyo prop\u00f3sito es fomentar acciones para estimular la certificaci\u00f3n de conocimientos adquiridos en forma autodidacta, por experiencia laboral o a trav\u00e9s de otros procesos educativos, al precisar que las negociaciones o empresas promover\u00e1n acciones encaminadas a fomentar lo previsto en el p\u00e1rrafo primero, de manera que esto constituya una medida de est\u00edmulo a la productividad y al desarrollo del personal.<\/p>\n<p align=\"justify\"><iframe loading=\"lazy\" class=\"note-video-clip\" src=\"https:\/\/www.youtube.com\/embed\/SBLnlyGcySw\" width=\"640\" height=\"360\" frameborder=\"0\" data-mce-fragment=\"1\"><\/iframe><\/p>\n<p><b>Conservaci\u00f3n vial sustentable<\/b><\/p>\n<p>Con la intenci\u00f3n de establecer el Programa Nacional de Conservaci\u00f3n Vial Sustentable, basado en est\u00e1ndares de desempe\u00f1o de la infraestructura carretera y puentera, incluyendo, al menos, indicadores de regularidad superficial, fricci\u00f3n\/adhesi\u00f3n y desempe\u00f1o ac\u00fastico, as\u00ed como metas sexenales y anuales de condici\u00f3n y tiempos m\u00e1ximos de reparaci\u00f3n de fallas, el diputado Felipe Miguel Delgado Carrillo (PVEM) dio cuenta de reformas a las leyes de Caminos, Puentes y Autotransporte Federal, de V\u00edas Generales de Comunicaci\u00f3n, de Infraestructura de la Calidad, General para la Prevenci\u00f3n y Gesti\u00f3n Integral de los Residuos y del Impuesto Sobre la Renta. Se turn\u00f3 a la Comisi\u00f3n de Comunicaciones y Transportes.<\/p>\n<p align=\"justify\"><iframe loading=\"lazy\" class=\"note-video-clip\" src=\"https:\/\/www.youtube.com\/embed\/9XYz3G4dVZM\" width=\"640\" height=\"360\" frameborder=\"0\" data-mce-fragment=\"1\"><\/iframe><\/p>\n<p><b>Exentar del ISR el aguinaldo<\/b><\/p>\n<p>El diputado Armando Tejeda Cid (PAN) plante\u00f3 reformar diversas disposiciones de las leyes Federal del Trabajo, Federal de los Trabajadores al Servicio del Estado, Reglamentaria del Apartado B) del Art\u00edculo 123 Constitucional y del Impuesto Sobre la Renta, a fin de exentar del pago del impuesto el aguinaldo que reciben las y los trabajadores. Ser\u00e1 analizada por las comisiones unidas de Trabajo y Previsi\u00f3n Social y de Hacienda y Cr\u00e9dito P\u00fablico.<\/p>\n<p align=\"justify\"><iframe loading=\"lazy\" class=\"note-video-clip\" src=\"https:\/\/www.youtube.com\/embed\/mDT6oSzckIE\" width=\"640\" height=\"360\" frameborder=\"0\" data-mce-fragment=\"1\"><\/iframe><br \/>\n<b><br \/>\nAcceso al agua potable en instituciones educativas<\/b><\/p>\n<p>Ana Isabel Gonz\u00e1lez Gonz\u00e1lez, diputada del PRI, busca adicionar un art\u00edculo 99 Bis a la Ley General de Educaci\u00f3n, a efecto de precisar que el suministro constante de agua potable, as\u00ed como la disponibilidad de bebederos y sanitarios en buen estado, ser\u00e1 un requisito indispensable para el funcionamiento de cualquier instituci\u00f3n educativa. Fue remitida a la Comisi\u00f3n de Educaci\u00f3n.<\/p>\n<p align=\"justify\"><iframe loading=\"lazy\" class=\"note-video-clip\" src=\"https:\/\/www.youtube.com\/embed\/hcmbJlu-74c\" width=\"640\" height=\"360\" frameborder=\"0\" data-mce-fragment=\"1\"><\/iframe><\/p>\n<p><b>Autosuficiencia en la producci\u00f3n de semillas<\/b><\/p>\n<p>Para que la Secretar\u00eda de Agricultura y Desarrollo Rural promueva la autosuficiencia en la producci\u00f3n de semillas como medida fundamental para garantizar la soberan\u00eda alimentaria, la diputada Ciria Yamile Salom\u00f3n Dur\u00e1n (PVEM) ley\u00f3 iniciativa que reforma y adiciona diversas disposiciones de la Ley Federal de Producci\u00f3n, Certificaci\u00f3n y Comercio de Semillas, misma que se canaliz\u00f3 a la Comisi\u00f3n de Desarrollo y Conservaci\u00f3n Rural, Agr\u00edcola y Autosuficiencia Alimentaria.<\/p>\n<p align=\"justify\"><iframe loading=\"lazy\" class=\"note-video-clip\" src=\"https:\/\/www.youtube.com\/embed\/DxB1jDKYsG4\" width=\"640\" height=\"360\" frameborder=\"0\" data-mce-fragment=\"1\"><\/iframe><\/p>\n<p><b>Respeto, cuidado y protecci\u00f3n de los animales<\/b><\/p>\n<p>De Morena, la diputada Mirna Mar\u00eda de la Luz Rubio S\u00e1nchez propuso adicionar una fracci\u00f3n XXVI al art\u00edculo 30 de la Ley General de Educaci\u00f3n, recorri\u00e9ndose en su orden la actual fracci\u00f3n XXV para quedar como XXVI, a fin de que la educaci\u00f3n para el respeto, cuidado y protecci\u00f3n de los animales como seres sintientes, promueva el trato digno, la tenencia responsable, la prevenci\u00f3n de la crueldad y del abandono, y la convivencia respetuosa en los entornos escolar, familiar y comunitario, en articulaci\u00f3n con la educaci\u00f3n ambiental, la salud p\u00fablica y la cultura de paz. Se envi\u00f3 a la Comisi\u00f3n de Educaci\u00f3n.<\/p>\n<p align=\"justify\"><iframe loading=\"lazy\" class=\"note-video-clip\" src=\"https:\/\/www.youtube.com\/embed\/Bmw5XljeU8Y\" width=\"640\" height=\"360\" frameborder=\"0\" data-mce-fragment=\"1\"><\/iframe><br \/>\n<b><br \/>\nDeducible, el gasto en consumo de gasolina<\/b><\/p>\n<p>Fueron enviadas a la Comisi\u00f3n de Hacienda y Cr\u00e9dito P\u00fablico dos iniciativas del diputado Alonso de Jes\u00fas V\u00e1zquez Jim\u00e9nez (PAN). Una, reforma la Ley del Impuesto Especial sobre Producci\u00f3n y Servicios y de la Ley del Impuesto Sobre la Renta, para hacer deducible el gasto en consumo de gasolina que realizan las personas f\u00edsicas cuyos ingresos acumulables en el ejercicio no excedan de 6 veces el valor anual de la Unidad de Medida y Actualizaci\u00f3n para el ejercicio de que se trate, y establecer la transitoriedad del cobro del Impuesto al Valor Agregado y est\u00edmulos fiscales de IEPS cuando su precio sea superior a 20 pesos por litro.<\/p>\n<p align=\"justify\"><iframe loading=\"lazy\" class=\"note-video-clip\" src=\"https:\/\/www.youtube.com\/embed\/PUDZuEQxiMQ\" width=\"640\" height=\"360\" frameborder=\"0\" data-mce-fragment=\"1\"><\/iframe><br \/>\n<b><br \/>\nTasa cero en el sector m\u00e9dico<\/b><\/p>\n<p>La segunda propuesta de V\u00e1zquez Jim\u00e9nez busca adicionar la Ley del Impuesto al Valor Agregado para aplicar tasa cero en los servicios de diagn\u00f3stico de laboratorio cl\u00ednico e imagen, servicios profesionales de psicolog\u00eda, nutrici\u00f3n cl\u00ednica, fisioterapia, rehabilitaci\u00f3n, terapia del lenguaje y optometr\u00eda, y por la compra de alimentos para fines m\u00e9dicos especiales, f\u00f3rmulas enterales y parenterales, as\u00ed como productos para nutrici\u00f3n cl\u00ednica que cuenten con registro sanitario vigente expedido por la autoridad competente.<\/p>\n<p><b>Violencia institucional por omisi\u00f3n<\/b><\/p>\n<p>La diputada Jazm\u00edn Yaneli Villanueva Moo (Morena) dio cuenta de la iniciativa que adiciona la fracci\u00f3n XXXIV del art\u00edculo 4\u00b0 de la Ley General de los Derechos de Ni\u00f1as, Ni\u00f1os y Adolescentes, para entender como violencia institucional por omisi\u00f3n los actos u omisiones de las servidoras y los servidores p\u00fablicos de cualquier orden de gobierno que no cumplen sus obligaciones legales o no act\u00faan para garantizar los derechos de las ni\u00f1as, ni\u00f1os y adolescentes establecidos en el art\u00edculo 13 de la presente ley. Se canaliz\u00f3 a la Comisi\u00f3n de Derechos de la Ni\u00f1ez y Adolescencia.<\/p>\n<p align=\"justify\"><iframe loading=\"lazy\" class=\"note-video-clip\" src=\"https:\/\/www.youtube.com\/embed\/kIUWr472d_A\" width=\"640\" height=\"360\" frameborder=\"0\" data-mce-fragment=\"1\"><\/iframe><\/p>\n<p><b>Inscribir el nombre del IMSS en el Muro de Honor<\/b><\/p>\n<p>Para inscribir con letras de oro en el Muro de Honor del sal\u00f3n de sesiones de la C\u00e1mara de Diputados el nombre de \u201cInstituto Mexicano del Seguro Social\u201d, el diputado Fernando Mendoza Arce (Morena) impulsa iniciativa que analizar\u00e1 la Comisi\u00f3n de R\u00e9gimen, Reglamentos y Pr\u00e1cticas Parlamentarias, y as\u00ed reconocer a una instituci\u00f3n promotora de los servicios de salud, pensiones a millones de trabajadoras, trabajadores y sus familias, y el desarrollo econ\u00f3mico y social del pa\u00eds.<\/p>\n<p align=\"justify\"><iframe loading=\"lazy\" class=\"note-video-clip\" src=\"https:\/\/www.youtube.com\/embed\/RNDyy62Fz9Y\" width=\"640\" height=\"360\" frameborder=\"0\" data-mce-fragment=\"1\"><\/iframe><\/p>\n<p><b>Prohibir destrucci\u00f3n de manglares<\/b><\/p>\n<p>A su vez, la diputada Rosa Margarita Graniel Zenteno (Morena) pidi\u00f3 adicionar la fracci\u00f3n XI al art\u00edculo 23 de la Ley General del Equilibrio Ecol\u00f3gico y la Protecci\u00f3n al Ambiente, a fin de prohibir la deforestaci\u00f3n, urbanizaci\u00f3n, drenaje o cualquier actividad que cause la destrucci\u00f3n de manglares en territorio nacional, y que la ocupaci\u00f3n de zonas de manglares solo ser\u00e1 permitida para actividades de conservaci\u00f3n, ecoturismo y manejo sostenible. Ser\u00e1 dictaminada por la Comisi\u00f3n de Medio Ambiente y Recursos Naturales.<\/p>\n<p align=\"justify\"><iframe loading=\"lazy\" class=\"note-video-clip\" src=\"https:\/\/www.youtube.com\/embed\/IYRuz47qBSI\" width=\"640\" height=\"360\" frameborder=\"0\" data-mce-fragment=\"1\"><\/iframe><br \/>\n<b><br \/>\nLenguaje incluyente<\/b><\/p>\n<p>Cintia Cuevas S\u00e1nchez, diputada de Morena, present\u00f3 dos iniciativas. Una, reforma el p\u00e1rrafo primero del art\u00edculo 21 y la fracci\u00f3n I del art\u00edculo 48 de la Ley de Desarrollo Rural Sustentable, a efecto de incorporar el lenguaje incluyente y actualizar la denominaci\u00f3n de la Secretar\u00eda de Agricultura y Desarrollo Rural, de la Secretar\u00eda de Infraestructura Comunicaciones y Transportes y de la Secretar\u00eda del Bienestar. Ser\u00e1 analizada por la Comisi\u00f3n de Desarrollo y Conservaci\u00f3n Rural, Agr\u00edcola y Autosuficiencia Alimentaria.<\/p>\n<p align=\"justify\"><iframe loading=\"lazy\" class=\"note-video-clip\" src=\"https:\/\/www.youtube.com\/embed\/LtrE1a1vSkU\" width=\"640\" height=\"360\" frameborder=\"0\" data-mce-fragment=\"1\"><\/iframe><br \/>\n<b><br \/>\nDenominaci\u00f3n de la Secretar\u00eda del Bienestar<\/b><\/p>\n<p>La segunda iniciativa de Cuevas S\u00e1nchez plantea reformar el inciso b) del art\u00edculo 22 de la Ley de Asistencia Social, para actualizar la denominaci\u00f3n de la Secretar\u00eda del Bienestar. Fue enviada a la Comisi\u00f3n de Salud.<\/p>\n<p><b>Aumentar sanciones por da\u00f1os ambientales\u00a0<\/b><\/p>\n<p>Se turn\u00f3 a la Comisi\u00f3n de Justicia iniciativa presentada por la diputada de Morena, Roc\u00edo L\u00f3pez Gorosave, que modifica el art\u00edculo 420 Bis del C\u00f3digo Penal Federal para aumentar las penas de cinco a quince a\u00f1os de prisi\u00f3n y por el equivalente de seiscientos a seis mil d\u00edas multa, a quien il\u00edcitamente da\u00f1e, deseque o rellene humedales, manglares, lagunas, esteros o pantanos, y los arrecifes; introduzca o libere en el medio natural alg\u00fan ejemplar de flora o fauna ex\u00f3tica que perjudique a un ecosistema, o provoque un incendio en un bosque, selva, vegetaci\u00f3n natural o terrenos forestales, que da\u00f1e elementos naturales, flora, fauna, los ecosistemas, la biodiversidad o al ambiente.<\/p>\n","protected":false},"excerpt":{"rendered":"<p>Diputadas y diputados de Morena, PAN, PVEM, PT, PRI y MC presentaron en sesi\u00f3n semipresencial 23 iniciativas sobre tratamiento farmacol\u00f3gico de la obesidad, tasa cero a<span class=\"excerpt-hellip\"> [\u2026]<\/span><\/p>\n","protected":false},"author":2,"featured_media":19042,"comment_status":"open","ping_status":"open","sticky":false,"template":"","format":"standard","meta":{"footnotes":""},"categories":[8],"tags":[],"class_list":["post-19041","post","type-post","status-publish","format-standard","has-post-thumbnail","hentry","category-politica"],"_links":{"self":[{"href":"https:\/\/sientetupasion.com\/index.php\/wp-json\/wp\/v2\/posts\/19041","targetHints":{"allow":["GET"]}}],"collection":[{"href":"https:\/\/sientetupasion.com\/index.php\/wp-json\/wp\/v2\/posts"}],"about":[{"href":"https:\/\/sientetupasion.com\/index.php\/wp-json\/wp\/v2\/types\/post"}],"author":[{"embeddable":true,"href":"https:\/\/sientetupasion.com\/index.php\/wp-json\/wp\/v2\/users\/2"}],"replies":[{"embeddable":true,"href":"https:\/\/sientetupasion.com\/index.php\/wp-json\/wp\/v2\/comments?post=19041"}],"version-history":[{"count":1,"href":"https:\/\/sientetupasion.com\/index.php\/wp-json\/wp\/v2\/posts\/19041\/revisions"}],"predecessor-version":[{"id":19043,"href":"https:\/\/sientetupasion.com\/index.php\/wp-json\/wp\/v2\/posts\/19041\/revisions\/19043"}],"wp:featuredmedia":[{"embeddable":true,"href":"https:\/\/sientetupasion.com\/index.php\/wp-json\/wp\/v2\/media\/19042"}],"wp:attachment":[{"href":"https:\/\/sientetupasion.com\/index.php\/wp-json\/wp\/v2\/media?parent=19041"}],"wp:term":[{"taxonomy":"category","embeddable":true,"href":"https:\/\/sientetupasion.com\/index.php\/wp-json\/wp\/v2\/categories?post=19041"},{"taxonomy":"post_tag","embeddable":true,"href":"https:\/\/sientetupasion.com\/index.php\/wp-json\/wp\/v2\/tags?post=19041"}],"curies":[{"name":"wp","href":"https:\/\/api.w.org\/{rel}","templated":true}]}}