{"id":18872,"date":"2025-10-06T19:39:43","date_gmt":"2025-10-07T01:39:43","guid":{"rendered":"https:\/\/sientetupasion.com\/?p=18872"},"modified":"2025-10-06T19:39:43","modified_gmt":"2025-10-07T01:39:43","slug":"ulises-mejia-la-transformacion-avanza-con-la-presidenta-sheinbaum","status":"publish","type":"post","link":"https:\/\/sientetupasion.com\/index.php\/2025\/10\/06\/ulises-mejia-la-transformacion-avanza-con-la-presidenta-sheinbaum\/","title":{"rendered":"ULISES MEJ\u00cdA: LA TRANSFORMACI\u00d3N AVANZA CON LA PRESIDENTA SHEINBAUM"},"content":{"rendered":"\n<p>Ciudad de M\u00e9xico.\u2013 Desde el Z\u00f3calo capitalino, el diputado federal por Zacatecas, Ulises Mej\u00eda Haro, reconoci\u00f3 el trabajo realizado durante el primer a\u00f1o de gobierno de la presidenta Claudia Sheinbaum Pardo, destacando que ha sido un periodo de resultados, compromiso y cercan\u00eda con el pueblo de M\u00e9xico.<\/p>\n<p>Se\u00f1al\u00f3 que la presidenta ha impulsado pol\u00edticas p\u00fablicas que fortalecen la econom\u00eda, garantizan derechos y consolidan el segundo piso de la transformaci\u00f3n, demostrando que es posible gobernar con honestidad, eficiencia y justicia social.<\/p>\n<p>\u201cDesde Zacatecas seguiremos acompa\u00f1ando este gran proyecto nacional, legislando y trabajando de la mano de la gente para que la esperanza se consolide en cada rinc\u00f3n del pa\u00eds y de nuestro estado\u201d, expres\u00f3 el legislador por Morena en sus redes sociales.<\/p>\n","protected":false},"excerpt":{"rendered":"<p>Ciudad de M\u00e9xico.\u2013 Desde el Z\u00f3calo capitalino, el diputado federal por Zacatecas, Ulises Mej\u00eda Haro, reconoci\u00f3 el trabajo realizado durante el primer a\u00f1o de gobierno de<span class=\"excerpt-hellip\"> [\u2026]<\/span><\/p>\n","protected":false},"author":2,"featured_media":18873,"comment_status":"open","ping_status":"open","sticky":false,"template":"","format":"standard","meta":{"footnotes":""},"categories":[8],"tags":[],"class_list":["post-18872","post","type-post","status-publish","format-standard","has-post-thumbnail","hentry","category-politica"],"_links":{"self":[{"href":"https:\/\/sientetupasion.com\/index.php\/wp-json\/wp\/v2\/posts\/18872","targetHints":{"allow":["GET"]}}],"collection":[{"href":"https:\/\/sientetupasion.com\/index.php\/wp-json\/wp\/v2\/posts"}],"about":[{"href":"https:\/\/sientetupasion.com\/index.php\/wp-json\/wp\/v2\/types\/post"}],"author":[{"embeddable":true,"href":"https:\/\/sientetupasion.com\/index.php\/wp-json\/wp\/v2\/users\/2"}],"replies":[{"embeddable":true,"href":"https:\/\/sientetupasion.com\/index.php\/wp-json\/wp\/v2\/comments?post=18872"}],"version-history":[{"count":1,"href":"https:\/\/sientetupasion.com\/index.php\/wp-json\/wp\/v2\/posts\/18872\/revisions"}],"predecessor-version":[{"id":18874,"href":"https:\/\/sientetupasion.com\/index.php\/wp-json\/wp\/v2\/posts\/18872\/revisions\/18874"}],"wp:featuredmedia":[{"embeddable":true,"href":"https:\/\/sientetupasion.com\/index.php\/wp-json\/wp\/v2\/media\/18873"}],"wp:attachment":[{"href":"https:\/\/sientetupasion.com\/index.php\/wp-json\/wp\/v2\/media?parent=18872"}],"wp:term":[{"taxonomy":"category","embeddable":true,"href":"https:\/\/sientetupasion.com\/index.php\/wp-json\/wp\/v2\/categories?post=18872"},{"taxonomy":"post_tag","embeddable":true,"href":"https:\/\/sientetupasion.com\/index.php\/wp-json\/wp\/v2\/tags?post=18872"}],"curies":[{"name":"wp","href":"https:\/\/api.w.org\/{rel}","templated":true}]}}