{"id":18711,"date":"2025-10-03T19:24:06","date_gmt":"2025-10-04T01:24:06","guid":{"rendered":"https:\/\/sientetupasion.com\/?p=18711"},"modified":"2025-10-03T19:24:06","modified_gmt":"2025-10-04T01:24:06","slug":"movimiento-ciudadano-presenta-iniciativa-para-la-ley-de-cuidados-del-estado-de-zacatecas","status":"publish","type":"post","link":"https:\/\/sientetupasion.com\/index.php\/2025\/10\/03\/movimiento-ciudadano-presenta-iniciativa-para-la-ley-de-cuidados-del-estado-de-zacatecas\/","title":{"rendered":"MOVIMIENTO CIUDADANO PRESENTA INICIATIVA PARA LA LEY DE CUIDADOS DEL ESTADO DE ZACATECAS"},"content":{"rendered":"<p>Zacatecas, Zac., a 3 de octubre de 2025.\u2013 En una conferencia de prensa encabezada por el Coordinador Operativo Nacional de Movimiento Ciudadano, Jorge \u00c1lvarez M\u00e1ynez, se anunci\u00f3 la presentaci\u00f3n de la Iniciativa para la Ley del Sistema de Cuidados del Estado de Zacatecas, un proyecto innovador que busca garantizar el derecho universal a cuidarse, cuidar y ser cuidado.<\/p>\n<p>M\u00e1ynez destac\u00f3 que esta propuesta es una muestra clara de c\u00f3mo Movimiento Ciudadano escucha y responde a las causas de la poblaci\u00f3n: \u201cEl cuidado es un derecho humano fundamental y, con esta iniciativa, Zacatecas se coloca a la vanguardia nacional en la construcci\u00f3n de una pol\u00edtica p\u00fablica que impactar\u00e1 directamente en la vida de las familias\u201d.<\/p>\n<p>A la conferencia tambi\u00e9n asistieron diputados locales de Aguascalientes, Coahuila, Guanajuato, Nuevo Le\u00f3n, Quer\u00e9taro, San Luis Potos\u00ed, Tamaulipas, Zacatecas, Veracruz y Jalisco, quienes respaldaron la propuesta y coincidieron en que representa un modelo de avance social que puede replicarse en todo el pa\u00eds.<\/p>\n<p>El diputado Marco Vinicio Flores Guerrero explic\u00f3 que esta iniciativa es la continuidad de la reforma constitucional impulsada en el periodo pasado, cuando se logr\u00f3 que el \u201cderecho al cuidado\u201d quedara reconocido en la Constituci\u00f3n estatal. \u201cHoy damos un paso decisivo: convertir ese derecho en una realidad tangible, con instituciones s\u00f3lidas, reglas claras y presupuesto espec\u00edfico\u201d, afirm\u00f3.<\/p>\n<p>Por su parte, la diputada Ana Mar\u00eda Romo Fonseca subray\u00f3 que la propuesta recoge buenas pr\u00e1cticas internacionales y nacionales, reconociendo el papel hist\u00f3rico de las mujeres en las tareas de cuidado y estableciendo la corresponsabilidad de gobierno, familias, empresas y comunidades. \u201cQueremos un Zacatecas m\u00e1s justo, donde el cuidado sea compartido y valorado\u201d, puntualiz\u00f3.<\/p>\n<p>La iniciativa contempla la creaci\u00f3n de un Comit\u00e9 Interinstitucional, una Secretar\u00eda Ejecutiva y un Consejo Asesor Ciudadano, que coordinar\u00e1n el sistema y garantizar\u00e1n su cumplimiento con un presupuesto especial.<\/p>\n<p>En este marco, el Coordinador Nacional de Diputados Locales, Omar Cervantes, se\u00f1al\u00f3 que Zacatecas es un lugar clave para la nueva pol\u00edtica, por lo que este viernes se llevar\u00e1 a cabo la Sesi\u00f3n Plenaria de la Segunda Circunscripci\u00f3n de Diputados Locales de Movimiento Ciudadano, en la que se discutir\u00e1 una agenda legislativa enfocada en las causas de la poblaci\u00f3n y de toda la regi\u00f3n.<\/p>\n<p>Con este esfuerzo, Movimiento Ciudadano reafirma su compromiso con las familias y con la construcci\u00f3n de un sistema de cuidados justo, sostenible y compartido.<\/p>\n","protected":false},"excerpt":{"rendered":"<p>Zacatecas, Zac., a 3 de octubre de 2025.\u2013 En una conferencia de prensa encabezada por el Coordinador Operativo Nacional de Movimiento Ciudadano, Jorge \u00c1lvarez M\u00e1ynez, se<span class=\"excerpt-hellip\"> [\u2026]<\/span><\/p>\n","protected":false},"author":2,"featured_media":18712,"comment_status":"open","ping_status":"open","sticky":false,"template":"","format":"standard","meta":{"footnotes":""},"categories":[8],"tags":[],"class_list":["post-18711","post","type-post","status-publish","format-standard","has-post-thumbnail","hentry","category-politica"],"_links":{"self":[{"href":"https:\/\/sientetupasion.com\/index.php\/wp-json\/wp\/v2\/posts\/18711","targetHints":{"allow":["GET"]}}],"collection":[{"href":"https:\/\/sientetupasion.com\/index.php\/wp-json\/wp\/v2\/posts"}],"about":[{"href":"https:\/\/sientetupasion.com\/index.php\/wp-json\/wp\/v2\/types\/post"}],"author":[{"embeddable":true,"href":"https:\/\/sientetupasion.com\/index.php\/wp-json\/wp\/v2\/users\/2"}],"replies":[{"embeddable":true,"href":"https:\/\/sientetupasion.com\/index.php\/wp-json\/wp\/v2\/comments?post=18711"}],"version-history":[{"count":1,"href":"https:\/\/sientetupasion.com\/index.php\/wp-json\/wp\/v2\/posts\/18711\/revisions"}],"predecessor-version":[{"id":18713,"href":"https:\/\/sientetupasion.com\/index.php\/wp-json\/wp\/v2\/posts\/18711\/revisions\/18713"}],"wp:featuredmedia":[{"embeddable":true,"href":"https:\/\/sientetupasion.com\/index.php\/wp-json\/wp\/v2\/media\/18712"}],"wp:attachment":[{"href":"https:\/\/sientetupasion.com\/index.php\/wp-json\/wp\/v2\/media?parent=18711"}],"wp:term":[{"taxonomy":"category","embeddable":true,"href":"https:\/\/sientetupasion.com\/index.php\/wp-json\/wp\/v2\/categories?post=18711"},{"taxonomy":"post_tag","embeddable":true,"href":"https:\/\/sientetupasion.com\/index.php\/wp-json\/wp\/v2\/tags?post=18711"}],"curies":[{"name":"wp","href":"https:\/\/api.w.org\/{rel}","templated":true}]}}