{"id":18676,"date":"2025-10-02T20:58:15","date_gmt":"2025-10-03T02:58:15","guid":{"rendered":"https:\/\/sientetupasion.com\/?p=18676"},"modified":"2025-10-02T20:58:15","modified_gmt":"2025-10-03T02:58:15","slug":"senadora-veronica-diaz-aprueba-ley-de-amparo-a-favor-del-pueblo","status":"publish","type":"post","link":"https:\/\/sientetupasion.com\/index.php\/2025\/10\/02\/senadora-veronica-diaz-aprueba-ley-de-amparo-a-favor-del-pueblo\/","title":{"rendered":"Senadora Ver\u00f3nica D\u00edaz aprueba  Ley de Amparo a favor del pueblo."},"content":{"rendered":"\n<p>La Senadora Ver\u00f3nica D\u00edaz, integrante del Grupo Parlamentario de MORENA, destac\u00f3 la relevancia de las reformas a la Ley de Amparo, al C\u00f3digo Fiscal de la Federaci\u00f3n y a la Ley Org\u00e1nica del Tribunal Federal de Justicia Administrativa, aprobadas en la C\u00e1mara Alta, al considerar que con esta medida se devuelve al pueblo de M\u00e9xico un instrumento de justicia que durante d\u00e9cadas fue acaparado por intereses particulares y \u00e9lites privilegiadas.<\/p>\n<p>La legisladora subray\u00f3 que, durante los gobiernos neoliberales, el juicio de amparo perdi\u00f3 su esencia original de proteger a los m\u00e1s necesitados y se transform\u00f3 en un mecanismo utilizado por grandes corporaciones y particulares para evadir responsabilidades tributarias, frenar obras de inter\u00e9s p\u00fablico y obstaculizar reformas fundamentales para el desarrollo del pa\u00eds. Record\u00f3 que incluso, en casos como la reforma el\u00e9ctrica, los intereses econ\u00f3micos lograron imponer su voluntad en detrimento del bienestar de millones de mexicanas y mexicanos.<\/p>\n<p>\u201cDurante a\u00f1os, el Poder Judicial sirvi\u00f3 m\u00e1s al dinero que a la Constituci\u00f3n. El amparo, en lugar de ser un recurso para acercar la justicia al ciudadano, se convirti\u00f3 en un escudo de poderosos que utilizaron la suspensi\u00f3n para proteger sus fortunas y perpetuar desigualdades. Hoy, gracias a estas reformas, recuperamos su sentido social y lo ponemos verdaderamente al servicio del pueblo\u201d, afirm\u00f3 la senadora de MORENA.<\/p>\n<p>La reforma aprobada a la Ley de Amparo, al C\u00f3digo Fiscal de la Federaci\u00f3n y a la Ley Org\u00e1nica del Tribunal Federal de Justicia Administrativa establece con claridad qu\u00e9 es y c\u00f3mo se constituye el inter\u00e9s leg\u00edtimo, reduce los tiempos de tramitaci\u00f3n del juicio de amparo, actualiza el proceso a un formato digital para hacerlo m\u00e1s \u00e1gil y accesible, protege el inter\u00e9s social y el orden p\u00fablico frente al uso de recursos de procedencia il\u00edcita, e impide que el amparo se utilice para prolongar juicios de forma indebida. <\/p>\n<p>Estas modificaciones permitir\u00e1n que el pueblo de M\u00e9xico pueda acceder a la justicia de manera pronta, eficiente y sin quedar en desventaja frente a grandes despachos de abogados y corporaciones con poder econ\u00f3mico.<\/p>\n<p>La Senadora por Zacatecas enfatiz\u00f3 que estas reformas forman parte del Segundo Piso de la Cuarta Transformaci\u00f3n, encabezada por la Presidenta de M\u00e9xico, Claudia Sheinbaum Pardo, cuyo gobierno ha demostrado un compromiso firme con la construcci\u00f3n de un nuevo modelo de justicia. Un modelo, dijo, que privilegia el inter\u00e9s colectivo sobre los privilegios particulares, que fortalece al Estado en la lucha contra la corrupci\u00f3n y que garantiza la estabilidad econ\u00f3mica nacional al facilitar la recaudaci\u00f3n fiscal y cerrar la puerta al uso de recursos il\u00edcitos.<\/p>\n<p>\u201cHoy podemos decir con certeza que la Cuarta Transformaci\u00f3n s\u00ed cumple. El juicio de amparo volver\u00e1 a ser un recurso que proteja al indefenso frente al fuerte y que garantice la imparcialidad, la prontitud y la eficacia de la justicia en M\u00e9xico. La presidenta Claudia Sheinbaum est\u00e1 marcando una nueva etapa en la vida jur\u00eddica de la naci\u00f3n y nosotros, desde el Senado, acompa\u00f1amos con responsabilidad este proceso para consolidar un pa\u00eds m\u00e1s justo y democr\u00e1tico\u201d, concluy\u00f3 la senadora Ver\u00f3nica D\u00edaz.<\/p>\n","protected":false},"excerpt":{"rendered":"<p>La Senadora Ver\u00f3nica D\u00edaz, integrante del Grupo Parlamentario de MORENA, destac\u00f3 la relevancia de las reformas a la Ley de Amparo, al C\u00f3digo Fiscal de la<span class=\"excerpt-hellip\"> [\u2026]<\/span><\/p>\n","protected":false},"author":2,"featured_media":18677,"comment_status":"open","ping_status":"open","sticky":false,"template":"","format":"standard","meta":{"footnotes":""},"categories":[8],"tags":[],"class_list":["post-18676","post","type-post","status-publish","format-standard","has-post-thumbnail","hentry","category-politica"],"_links":{"self":[{"href":"https:\/\/sientetupasion.com\/index.php\/wp-json\/wp\/v2\/posts\/18676","targetHints":{"allow":["GET"]}}],"collection":[{"href":"https:\/\/sientetupasion.com\/index.php\/wp-json\/wp\/v2\/posts"}],"about":[{"href":"https:\/\/sientetupasion.com\/index.php\/wp-json\/wp\/v2\/types\/post"}],"author":[{"embeddable":true,"href":"https:\/\/sientetupasion.com\/index.php\/wp-json\/wp\/v2\/users\/2"}],"replies":[{"embeddable":true,"href":"https:\/\/sientetupasion.com\/index.php\/wp-json\/wp\/v2\/comments?post=18676"}],"version-history":[{"count":1,"href":"https:\/\/sientetupasion.com\/index.php\/wp-json\/wp\/v2\/posts\/18676\/revisions"}],"predecessor-version":[{"id":18678,"href":"https:\/\/sientetupasion.com\/index.php\/wp-json\/wp\/v2\/posts\/18676\/revisions\/18678"}],"wp:featuredmedia":[{"embeddable":true,"href":"https:\/\/sientetupasion.com\/index.php\/wp-json\/wp\/v2\/media\/18677"}],"wp:attachment":[{"href":"https:\/\/sientetupasion.com\/index.php\/wp-json\/wp\/v2\/media?parent=18676"}],"wp:term":[{"taxonomy":"category","embeddable":true,"href":"https:\/\/sientetupasion.com\/index.php\/wp-json\/wp\/v2\/categories?post=18676"},{"taxonomy":"post_tag","embeddable":true,"href":"https:\/\/sientetupasion.com\/index.php\/wp-json\/wp\/v2\/tags?post=18676"}],"curies":[{"name":"wp","href":"https:\/\/api.w.org\/{rel}","templated":true}]}}