{"id":18665,"date":"2025-10-02T20:50:21","date_gmt":"2025-10-03T02:50:21","guid":{"rendered":"https:\/\/sientetupasion.com\/?p=18665"},"modified":"2025-10-02T20:50:21","modified_gmt":"2025-10-03T02:50:21","slug":"ulises-mejia-reforma-a-la-ley-de-amparo-por-una-justicia-mas-agil-y-accesible","status":"publish","type":"post","link":"https:\/\/sientetupasion.com\/index.php\/2025\/10\/02\/ulises-mejia-reforma-a-la-ley-de-amparo-por-una-justicia-mas-agil-y-accesible\/","title":{"rendered":"ULISES MEJ\u00cdA: REFORMA A LA LEY DE AMPARO POR UNA JUSTICIA M\u00c1S \u00c1GIL Y ACCESIBLE"},"content":{"rendered":"<p>Ciudad de M\u00e9xico, a 2 de octubre de 2025.\u2013En atenci\u00f3n a medios de comunicaci\u00f3n, el diputado federal Ulises Mej\u00eda Haro, integrante del Grupo Parlamentario de Morena en la C\u00e1mara de Diputados, celebr\u00f3 la aprobaci\u00f3n en el Senado del dictamen que reforma y adiciona disposiciones a la Ley de Amparo, al C\u00f3digo Fiscal de la Federaci\u00f3n y a la Ley Org\u00e1nica del Tribunal Federal de Justicia Administrativa, destacando que se trata de uno de los cambios m\u00e1s trascendentes en el sistema jur\u00eddico mexicano en los \u00faltimos a\u00f1os.<\/p>\n<p>\u201cEl juicio de amparo ha sido pieza central en la protecci\u00f3n de los derechos fundamentales desde 1917, pero con el tiempo mostr\u00f3 limitaciones: suspensiones que se utilizan para frenar pol\u00edticas p\u00fablicas, ampliaciones de demanda sin sustento real, plazos excesivos y la falta de reglas claras para la era digital. Esta reforma busca corregir esas deficiencias con una visi\u00f3n integral que coloca en el centro a las personas y al inter\u00e9s social\u201d, se\u00f1al\u00f3 el legislador.<\/p>\n<p>Mej\u00eda Haro explic\u00f3 que uno de los avances m\u00e1s relevantes es la precisi\u00f3n del inter\u00e9s leg\u00edtimo, que ahora deber\u00e1 implicar una lesi\u00f3n real, actual y diferenciada, cerrando la puerta a litigios basados en pretensiones abstractas. \u201cCon ello se fortalece el acceso a la justicia para quienes realmente enfrentan un da\u00f1o, evitando abusos que solo retrasaban procesos o serv\u00edan a intereses ajenos al bien com\u00fan\u201d, puntualiz\u00f3.<\/p>\n<p>Respecto a la suspensi\u00f3n de actos reclamados, destac\u00f3 que el dictamen obliga a ponderar el inter\u00e9s social y el orden p\u00fablico frente al inter\u00e9s individual, lo que impide que se detengan indebidamente proyectos esenciales como el combate al lavado de dinero, el financiamiento al terrorismo, el pago de la deuda p\u00fablica o la ejecuci\u00f3n de obras estrat\u00e9gicas de infraestructura. \u201cSe protege al mismo tiempo el m\u00ednimo vital de las personas, garantizando que nadie quede sin acceso a su salario o pensi\u00f3n\u201d, a\u00f1adi\u00f3.<\/p>\n<p>El diputado subray\u00f3 tambi\u00e9n que la reforma incorpora plazos m\u00e1s claros para evitar dilaciones, sanciona pr\u00e1cticas dilatorias y establece la obligaci\u00f3n de resolver en tiempos definidos, fortaleciendo el principio constitucional de justicia pronta y expedita. Adem\u00e1s, resalt\u00f3 la innovaci\u00f3n del amparo digital: \u201cPor primera vez se reconoce la validez de las promociones electr\u00f3nicas, la firma digital y los expedientes en l\u00ednea. Esto no solo reducir\u00e1 tr\u00e1mites f\u00edsicos, sino que ampliar\u00e1 el acceso a la justicia a personas que enfrentan barreras de distancia o movilidad\u201d, explic\u00f3.<\/p>\n<p>Otro de los puntos destacados es la claridad en el cumplimiento de sentencias. \u201cSe establece que, en casos de imposibilidad material o jur\u00eddica, las autoridades puedan acreditarlo de manera fundada, evitando sanciones injustas y otorgando certeza tanto a la ciudadan\u00eda como a las instituciones\u201d, apunt\u00f3.<\/p>\n<p>En el terreno fiscal, explic\u00f3 que la reforma cierra la puerta a recursos que se utilizaban hist\u00f3ricamente para retrasar el pago de cr\u00e9ditos fiscales firmes, algunos de los cuales pod\u00edan prolongarse por una d\u00e9cada. \u201cAl armonizar la Ley de Amparo con el C\u00f3digo Fiscal de la Federaci\u00f3n, el Estado podr\u00e1 recuperar ingresos de manera m\u00e1s eficaz y destinarlos al financiamiento de programas sociales y servicios p\u00fablicos\u201d, destac\u00f3.<\/p>\n<p>Asimismo, coment\u00f3 que el texto de la iniciativa propone cambios sustanciales como la reforma al art\u00edculo 3\u00ba, que reconoce la validez legal de la presentaci\u00f3n de promociones en formato electr\u00f3nico y obliga a que los expedientes electr\u00f3nicos y f\u00edsicos coincidan \u00edntegramente. Tambi\u00e9n subray\u00f3 las modificaciones a los art\u00edculos 128, 129 y 135, que incorporan causales de improcedencia en casos de lavado de dinero, financiamiento al terrorismo y operaciones realizadas sin permisos vigentes. \u201cCon esto evitamos que la figura de la suspensi\u00f3n se utilice como un escudo para pr\u00e1cticas il\u00edcitas y se protege la estabilidad del sistema financiero y la seguridad del Estado\u201d, agreg\u00f3.<\/p>\n<p>Finalmente, enfatiz\u00f3 que esta reforma alinea el marco jur\u00eddico mexicano con los compromisos internacionales de derechos humanos y con la Agenda 2030 de la ONU, que promueve instituciones s\u00f3lidas e inclusivas.<\/p>\n<p>\u201cLa pr\u00f3xima semana ser\u00e1 la C\u00e1mara de Diputados, en su car\u00e1cter de c\u00e1mara revisora, la que discuta y en su caso apruebe este dictamen. Como integrante del Grupo Parlamentario de Morena defenderemos esta reforma que representa un paso decisivo hacia un sistema judicial renovado, m\u00e1s humano, \u00e1gil y accesible. La justicia debe ser un derecho tangible y no un privilegio\u201d, concluy\u00f3.<\/p>\n","protected":false},"excerpt":{"rendered":"<p>Ciudad de M\u00e9xico, a 2 de octubre de 2025.\u2013En atenci\u00f3n a medios de comunicaci\u00f3n, el diputado federal Ulises Mej\u00eda Haro, integrante del Grupo Parlamentario de Morena<span class=\"excerpt-hellip\"> [\u2026]<\/span><\/p>\n","protected":false},"author":2,"featured_media":18666,"comment_status":"open","ping_status":"open","sticky":false,"template":"","format":"standard","meta":{"footnotes":""},"categories":[8],"tags":[],"class_list":["post-18665","post","type-post","status-publish","format-standard","has-post-thumbnail","hentry","category-politica"],"_links":{"self":[{"href":"https:\/\/sientetupasion.com\/index.php\/wp-json\/wp\/v2\/posts\/18665","targetHints":{"allow":["GET"]}}],"collection":[{"href":"https:\/\/sientetupasion.com\/index.php\/wp-json\/wp\/v2\/posts"}],"about":[{"href":"https:\/\/sientetupasion.com\/index.php\/wp-json\/wp\/v2\/types\/post"}],"author":[{"embeddable":true,"href":"https:\/\/sientetupasion.com\/index.php\/wp-json\/wp\/v2\/users\/2"}],"replies":[{"embeddable":true,"href":"https:\/\/sientetupasion.com\/index.php\/wp-json\/wp\/v2\/comments?post=18665"}],"version-history":[{"count":1,"href":"https:\/\/sientetupasion.com\/index.php\/wp-json\/wp\/v2\/posts\/18665\/revisions"}],"predecessor-version":[{"id":18667,"href":"https:\/\/sientetupasion.com\/index.php\/wp-json\/wp\/v2\/posts\/18665\/revisions\/18667"}],"wp:featuredmedia":[{"embeddable":true,"href":"https:\/\/sientetupasion.com\/index.php\/wp-json\/wp\/v2\/media\/18666"}],"wp:attachment":[{"href":"https:\/\/sientetupasion.com\/index.php\/wp-json\/wp\/v2\/media?parent=18665"}],"wp:term":[{"taxonomy":"category","embeddable":true,"href":"https:\/\/sientetupasion.com\/index.php\/wp-json\/wp\/v2\/categories?post=18665"},{"taxonomy":"post_tag","embeddable":true,"href":"https:\/\/sientetupasion.com\/index.php\/wp-json\/wp\/v2\/tags?post=18665"}],"curies":[{"name":"wp","href":"https:\/\/api.w.org\/{rel}","templated":true}]}}