{"id":18562,"date":"2025-09-30T11:54:19","date_gmt":"2025-09-30T17:54:19","guid":{"rendered":"https:\/\/sientetupasion.com\/?p=18562"},"modified":"2025-09-30T11:54:19","modified_gmt":"2025-09-30T17:54:19","slug":"cualquier-modificacion-de-gran-alcance-a-la-figura-del-amparo-requiere-del-analisis-de-especialistas-clemente-castaneda","status":"publish","type":"post","link":"https:\/\/sientetupasion.com\/index.php\/2025\/09\/30\/cualquier-modificacion-de-gran-alcance-a-la-figura-del-amparo-requiere-del-analisis-de-especialistas-clemente-castaneda\/","title":{"rendered":"Cualquier modificaci\u00f3n de gran alcance a la figura del amparo requiere del an\u00e1lisis de especialistas: Clemente Casta\u00f1eda"},"content":{"rendered":"<p>fortalecer la capacidad de tutela de tan preciado instrumento, por lo que no se pueden ampliar los m\u00e1rgenes de actuaci\u00f3n de la autoridad en detrimento de los espacios que ocupa el ciudadano, por lo que la reforma debe ser arm\u00f3nica con el resto del ordenamiento y con la legislaci\u00f3n existente.<\/p>\n<p>La coordinadora del \u00e1rea estrat\u00e9gica del Centro de Derechos Humanos Miguel Agust\u00edn Pro Ju\u00e1rez, Ivette Galv\u00e1n Garc\u00eda, destac\u00f3 que la iniciativa contiene ajustes procesales valiosos, pero plantea un retroceso grave en materia de acceso a la justicia y protecci\u00f3n de los derechos humanos, al restringir el inter\u00e9s leg\u00edtimo, debilitar la suspensi\u00f3n y al abrir la puerta al incumplimiento de sentencias.<\/p>\n<p>Javier Mart\u00edn Reyes, investigador de la UNAM, abund\u00f3 que si en el Senado no hay modificaciones a la reforma habr\u00e1 \u201cregresiones, limitaciones y restricciones\u201d que no se puedan frenar a la hora de su aplicaci\u00f3n, debido a que la propuesta presidencial es inconstitucional por vulnerar derechos establecidos en la Constituci\u00f3n y en tratados internacionales, adem\u00e1s de dejar a los ciudadanos con recursos judiciales menos efectivos.<\/p>\n<p>El coordinador del programa derechos humanos de FUNDAR, Humberto Guerrero, agreg\u00f3 que la reforma deber\u00eda ser para fortalecer el juicio de amparo y con ello lograr el acceso a la justicia, m\u00e1s no para debilitarlo y complicar su efectividad, pues pareciera que se busca desmontar el avance en el lugar que ocupan los tratados internacionales en derechos humanos.<\/p>\n","protected":false},"excerpt":{"rendered":"<p>fortalecer la capacidad de tutela de tan preciado instrumento, por lo que no se pueden ampliar los m\u00e1rgenes de actuaci\u00f3n de la autoridad en detrimento de<span class=\"excerpt-hellip\"> [\u2026]<\/span><\/p>\n","protected":false},"author":2,"featured_media":18563,"comment_status":"open","ping_status":"open","sticky":false,"template":"","format":"standard","meta":{"footnotes":""},"categories":[8],"tags":[],"class_list":["post-18562","post","type-post","status-publish","format-standard","has-post-thumbnail","hentry","category-politica"],"_links":{"self":[{"href":"https:\/\/sientetupasion.com\/index.php\/wp-json\/wp\/v2\/posts\/18562","targetHints":{"allow":["GET"]}}],"collection":[{"href":"https:\/\/sientetupasion.com\/index.php\/wp-json\/wp\/v2\/posts"}],"about":[{"href":"https:\/\/sientetupasion.com\/index.php\/wp-json\/wp\/v2\/types\/post"}],"author":[{"embeddable":true,"href":"https:\/\/sientetupasion.com\/index.php\/wp-json\/wp\/v2\/users\/2"}],"replies":[{"embeddable":true,"href":"https:\/\/sientetupasion.com\/index.php\/wp-json\/wp\/v2\/comments?post=18562"}],"version-history":[{"count":1,"href":"https:\/\/sientetupasion.com\/index.php\/wp-json\/wp\/v2\/posts\/18562\/revisions"}],"predecessor-version":[{"id":18564,"href":"https:\/\/sientetupasion.com\/index.php\/wp-json\/wp\/v2\/posts\/18562\/revisions\/18564"}],"wp:featuredmedia":[{"embeddable":true,"href":"https:\/\/sientetupasion.com\/index.php\/wp-json\/wp\/v2\/media\/18563"}],"wp:attachment":[{"href":"https:\/\/sientetupasion.com\/index.php\/wp-json\/wp\/v2\/media?parent=18562"}],"wp:term":[{"taxonomy":"category","embeddable":true,"href":"https:\/\/sientetupasion.com\/index.php\/wp-json\/wp\/v2\/categories?post=18562"},{"taxonomy":"post_tag","embeddable":true,"href":"https:\/\/sientetupasion.com\/index.php\/wp-json\/wp\/v2\/tags?post=18562"}],"curies":[{"name":"wp","href":"https:\/\/api.w.org\/{rel}","templated":true}]}}