{"id":18559,"date":"2025-09-30T11:53:18","date_gmt":"2025-09-30T17:53:18","guid":{"rendered":"https:\/\/sientetupasion.com\/?p=18559"},"modified":"2025-09-30T11:53:18","modified_gmt":"2025-09-30T17:53:18","slug":"concluye-el-primer-dia-de-las-audiencias-publicas-sobre-la-ley-de-amparo-participan-20-especialistas-en-la-materia","status":"publish","type":"post","link":"https:\/\/sientetupasion.com\/index.php\/2025\/09\/30\/concluye-el-primer-dia-de-las-audiencias-publicas-sobre-la-ley-de-amparo-participan-20-especialistas-en-la-materia\/","title":{"rendered":"Concluye el primer d\u00eda de las Audiencias P\u00fablicas sobre la Ley de Amparo; participan 20 especialistas en la materia"},"content":{"rendered":"\n<p>Rom\u00e1n Lazcano Fern\u00e1ndez, integrante del Foro de Constitucionalistas de M\u00e9xico, dijo que \u201cla reforma presenta una redacci\u00f3n ambigua, indeterminada y, sobre todo, construye mayores requisitos para otorgar la medida cautelar\u201d. \u201cLlama la atenci\u00f3n que un partido o un movimiento que en sus estatutos establece la defensa de los pueblos originarios, la cultura de la legalidad y evitar el autoritarismo, construya una reforma que atenta gravemente los derechos humanos\u201d, agreg\u00f3.<\/p>\n<p>La abogada postulante, Makawi Staines Diaz, afirm\u00f3 que el juicio de amparo es el principal medio de defensa que tienen las personas para velar por sus derechos, aunque \u201cno podemos negar que es un asunto hipert\u00e9cnico, por lo que es una realidad que no ha cumplido a cabalidad con su finalidad\u201d.<\/p>\n<p>El exmagistrado de Circuito en materia Civil, Francisco Javier Sandoval L\u00f3pez, consider\u00f3 que quienes tachan la iniciativa de regresiva por eliminar el amparo contra derechos colectivos est\u00e1n en un malentendido, pero tambi\u00e9n lo est\u00e1n quienes estiman que s\u00f3lo se est\u00e1 cumpliendo con una jurisprudencia de la Corte. \u201cEl sentido que yo veo es contener el protagonismo judicial\u201d, expres\u00f3.<\/p>\n<p>De la Comisi\u00f3n Estado de Derecho del Consejo Coordinador Empresarial, Ricardo Cervantes Vargas, subray\u00f3 que para las empresas es fundamental contar con un instrumento como el amparo, porque el crecimiento econ\u00f3mico del pa\u00eds requiere de factores como leyes adecuadas y herramientas jur\u00eddicas eficientes para defender sus derechos ante arbitrariedades de las autoridades.<\/p>\n<p>Andr\u00e9s Aguinaco G\u00f3mez Mont, coordinador de la Comisi\u00f3n de Derecho Constitucional, Derechos Humanos y Amparo de la Barra Mexicana Colegio de Abogados, refiri\u00f3 que el proyecto de reforma elimina algunas estrategias dilatorias que entorpecen el juicio de amparo, pero tiene \u00e1reas de preocupaci\u00f3n como generar numerosos obst\u00e1culos a la procedencia del juicio y para la reparaci\u00f3n integral a las violaciones de derechos humanos. \u201cLas personas justiciables pudieran estar peor paradas ante los abusos de poder\u201d, se\u00f1al\u00f3.<\/p>\n<p>Susana Gabriela Camacho Maciel, coordinadora del programa de Justicia de M\u00e9xico Eval\u00faa, expuso que en temas como la digitalizaci\u00f3n se tiene que tomar en cuenta la brecha digital en el pa\u00eds y revisar las condiciones y viabilidad para que se pueda aplicar; adem\u00e1s, consider\u00f3 importante impulsar el uso de herramientas tecnol\u00f3gicas como las aplicaciones para que los amparos se puedan solicitar.<\/p>\n<p>Luis Eduardo Knapp Moreno, coordinador del Programa Ecosistema Informativo y Tecnolog\u00eda de Art\u00edculo 19, se\u00f1al\u00f3 que como defensor de la sociedad civil \u201cnos preocupa mucho la propuesta presidencial en materia de amparo, particularmente en sus tres figuras, de inter\u00e9s leg\u00edtimo, suspensi\u00f3n y cumplimiento de las sentencias que est\u00e1n conectadas\u201d. Plante\u00f3 que, de aprobarse estas reformas, el Estado mexicano estar\u00eda incumpliendo obligaciones internacionales y se vulnerar\u00eda la defensa de los derechos humanos.<\/p>\n<p>El director general del Instituto de especializaci\u00f3n en Justicia Administrativa del Tribunal de Justicia Administrativa de la Ciudad de M\u00e9xico, Eduardo Andrade S\u00e1nchez, dijo que es importante definir en la ley lo que es el inter\u00e9s leg\u00edtimo, como se precisa en la iniciativa de ley. \u201cEs una figura que se ha distorsionado; el Poder Judicial se excedi\u00f3 con ello en facultades\u201d, indic\u00f3.<\/p>\n<p>En su turno, por el PAN, el senador Raymundo Bola\u00f1os Azocar, integrante de la Comisi\u00f3n de Hacienda y Cr\u00e9dito P\u00fablico, mencion\u00f3 que la iniciativa de reforma contiene plazos reducidos respecto de la resoluci\u00f3n del juicio de amparo, y pueden resultar ben\u00e9ficos, pero pregunt\u00f3 qu\u00e9 tan viables son esos tiempos en el d\u00eda a d\u00eda en los \u00f3rganos jurisdiccionales.<\/p>\n<p>Al hacer comentarios, la senadora del PVEM e integrante de la Comisi\u00f3n de Justicia, Roc\u00edo Corona Nakamura, dijo que es importante para las y los legisladores escuchar diversos puntos de vista, sobre todo para esta trascendental reforma a la Ley de Amparo.<\/p>\n","protected":false},"excerpt":{"rendered":"<p>Rom\u00e1n Lazcano Fern\u00e1ndez, integrante del Foro de Constitucionalistas de M\u00e9xico, dijo que \u201cla reforma presenta una redacci\u00f3n ambigua, indeterminada y, sobre todo, construye mayores requisitos para<span class=\"excerpt-hellip\"> [\u2026]<\/span><\/p>\n","protected":false},"author":2,"featured_media":18560,"comment_status":"open","ping_status":"open","sticky":false,"template":"","format":"standard","meta":{"footnotes":""},"categories":[8],"tags":[],"class_list":["post-18559","post","type-post","status-publish","format-standard","has-post-thumbnail","hentry","category-politica"],"_links":{"self":[{"href":"https:\/\/sientetupasion.com\/index.php\/wp-json\/wp\/v2\/posts\/18559","targetHints":{"allow":["GET"]}}],"collection":[{"href":"https:\/\/sientetupasion.com\/index.php\/wp-json\/wp\/v2\/posts"}],"about":[{"href":"https:\/\/sientetupasion.com\/index.php\/wp-json\/wp\/v2\/types\/post"}],"author":[{"embeddable":true,"href":"https:\/\/sientetupasion.com\/index.php\/wp-json\/wp\/v2\/users\/2"}],"replies":[{"embeddable":true,"href":"https:\/\/sientetupasion.com\/index.php\/wp-json\/wp\/v2\/comments?post=18559"}],"version-history":[{"count":1,"href":"https:\/\/sientetupasion.com\/index.php\/wp-json\/wp\/v2\/posts\/18559\/revisions"}],"predecessor-version":[{"id":18561,"href":"https:\/\/sientetupasion.com\/index.php\/wp-json\/wp\/v2\/posts\/18559\/revisions\/18561"}],"wp:featuredmedia":[{"embeddable":true,"href":"https:\/\/sientetupasion.com\/index.php\/wp-json\/wp\/v2\/media\/18560"}],"wp:attachment":[{"href":"https:\/\/sientetupasion.com\/index.php\/wp-json\/wp\/v2\/media?parent=18559"}],"wp:term":[{"taxonomy":"category","embeddable":true,"href":"https:\/\/sientetupasion.com\/index.php\/wp-json\/wp\/v2\/categories?post=18559"},{"taxonomy":"post_tag","embeddable":true,"href":"https:\/\/sientetupasion.com\/index.php\/wp-json\/wp\/v2\/tags?post=18559"}],"curies":[{"name":"wp","href":"https:\/\/api.w.org\/{rel}","templated":true}]}}