{"id":18556,"date":"2025-09-30T11:52:03","date_gmt":"2025-09-30T17:52:03","guid":{"rendered":"https:\/\/sientetupasion.com\/?p=18556"},"modified":"2025-09-30T11:52:03","modified_gmt":"2025-09-30T17:52:03","slug":"adan-augusto-lopez-hernandez-reitera-que-ha-sido-cuidadoso-con-el-pago-de-sus-impuestos","status":"publish","type":"post","link":"https:\/\/sientetupasion.com\/index.php\/2025\/09\/30\/adan-augusto-lopez-hernandez-reitera-que-ha-sido-cuidadoso-con-el-pago-de-sus-impuestos\/","title":{"rendered":"Ad\u00e1n Augusto L\u00f3pez Hern\u00e1ndez reitera que ha sido cuidadoso con el pago de sus impuestos"},"content":{"rendered":"<p>Tengo el apoyo de mis compa\u00f1eras y compa\u00f1eros; hemos sacado adelante trabajos que parec\u00edan imposibles, refiere.<br \/>\nEl presidente de la Junta de Coordinaci\u00f3n Pol\u00edtica, Ad\u00e1n Augusto L\u00f3pez Hern\u00e1ndez, asegur\u00f3 que nunca le ha debido ni le debe nada a la autoridad fiscal, y que \u201csi algo he tenido en mi vida profesional es que he sido muy cuidadoso con el pago de mis impuestos\u201d.<\/p>\n<p>En entrevista, se\u00f1al\u00f3 que, de origen, el documento presentado por un medio de comunicaci\u00f3n como una supuesta declaraci\u00f3n fiscal est\u00e1 modificado, es decir, no es un documento original.<\/p>\n<p>\u201cLo presentan con el \u00e1nimo de ponerme en evidencia sobre hechos o situaciones que no corresponden a la verdad, por ejemplo, presentando un ingreso que no es el que yo declar\u00e9\u201d, apunt\u00f3.<\/p>\n<p>Por otra parte, record\u00f3 que las y los senadores lo eligieron como coordinador parlamentario para toda la Legislatura y adem\u00e1s la propia ley prev\u00e9 que el grupo que tenga la mitad m\u00e1s uno de las y los senadores ocupar\u00e1 por seis a\u00f1os la presidencia de la Junta de Coordinaci\u00f3n Pol\u00edtica; \u201cyo cumplir\u00e9 con mi responsabilidad\u201d.<\/p>\n<p>En este sentido, Ad\u00e1n Augusto L\u00f3pez Hern\u00e1ndez subray\u00f3 que \u201ctengo el apoyo de mis compa\u00f1eras y compa\u00f1eros senadores, lo cual agradezco mucho, pero hacia afuera hay cosas que a veces no trascienden\u201d.<\/p>\n<p>Indic\u00f3 que le ha tocado sacar adelante trabajos que parec\u00edan imposibles, pero \u201cah\u00ed est\u00e1 mi manera de operar, de acordar, de sacar iniciativas, de muchas cosas, lo que me da mucha tranquilidad\u201d.<\/p>\n<p>\u201cHe intentado ser eficaz al movimiento y hemos cumplido tanto al movimiento como a las y los compa\u00f1eros\u201d, afirm\u00f3.<\/p>\n<p>Menciono que \u00e9l seguir\u00e1 con su trabajo pol\u00edtico y prueba de ello es que esta misma semana saldr\u00e1 adelante la iniciativa enviada por la presidenta Claudia Sheinbaum Pardo, en materia de amparo.<\/p>\n<p>El senador consider\u00f3 que los se\u00f1alamientos malintencionados son parte de una estrategia definida desde la derecha y desde grupos que se vieron afectados en su paso por la Secretar\u00eda de Gobernaci\u00f3n.<\/p>\n<p>Sobre apuntes acerca de acto de conflicto de inter\u00e9s, Ad\u00e1n Augusto L\u00f3pez Hern\u00e1ndez explic\u00f3 que su actividad profesional nunca ha sido a la par de su funci\u00f3n p\u00fablica, pues ha mantenido licencia a su cargo notarial siempre que ha desempe\u00f1ado un cargo p\u00fablico.<\/p>\n<p>Yo me siento bien, me siento tranquilo, por \u201cel que nada debe nada teme y adem\u00e1s soy un pol\u00edtico que est\u00e1 acostumbrado a esto desde siempre\u201d, concluy\u00f3.<\/p>\n","protected":false},"excerpt":{"rendered":"<p>Tengo el apoyo de mis compa\u00f1eras y compa\u00f1eros; hemos sacado adelante trabajos que parec\u00edan imposibles, refiere. El presidente de la Junta de Coordinaci\u00f3n Pol\u00edtica, Ad\u00e1n Augusto<span class=\"excerpt-hellip\"> [\u2026]<\/span><\/p>\n","protected":false},"author":2,"featured_media":18557,"comment_status":"open","ping_status":"open","sticky":false,"template":"","format":"standard","meta":{"footnotes":""},"categories":[8],"tags":[],"class_list":["post-18556","post","type-post","status-publish","format-standard","has-post-thumbnail","hentry","category-politica"],"_links":{"self":[{"href":"https:\/\/sientetupasion.com\/index.php\/wp-json\/wp\/v2\/posts\/18556","targetHints":{"allow":["GET"]}}],"collection":[{"href":"https:\/\/sientetupasion.com\/index.php\/wp-json\/wp\/v2\/posts"}],"about":[{"href":"https:\/\/sientetupasion.com\/index.php\/wp-json\/wp\/v2\/types\/post"}],"author":[{"embeddable":true,"href":"https:\/\/sientetupasion.com\/index.php\/wp-json\/wp\/v2\/users\/2"}],"replies":[{"embeddable":true,"href":"https:\/\/sientetupasion.com\/index.php\/wp-json\/wp\/v2\/comments?post=18556"}],"version-history":[{"count":1,"href":"https:\/\/sientetupasion.com\/index.php\/wp-json\/wp\/v2\/posts\/18556\/revisions"}],"predecessor-version":[{"id":18558,"href":"https:\/\/sientetupasion.com\/index.php\/wp-json\/wp\/v2\/posts\/18556\/revisions\/18558"}],"wp:featuredmedia":[{"embeddable":true,"href":"https:\/\/sientetupasion.com\/index.php\/wp-json\/wp\/v2\/media\/18557"}],"wp:attachment":[{"href":"https:\/\/sientetupasion.com\/index.php\/wp-json\/wp\/v2\/media?parent=18556"}],"wp:term":[{"taxonomy":"category","embeddable":true,"href":"https:\/\/sientetupasion.com\/index.php\/wp-json\/wp\/v2\/categories?post=18556"},{"taxonomy":"post_tag","embeddable":true,"href":"https:\/\/sientetupasion.com\/index.php\/wp-json\/wp\/v2\/tags?post=18556"}],"curies":[{"name":"wp","href":"https:\/\/api.w.org\/{rel}","templated":true}]}}