{"id":18379,"date":"2025-09-27T04:35:08","date_gmt":"2025-09-27T10:35:08","guid":{"rendered":"https:\/\/sientetupasion.com\/?p=18379"},"modified":"2025-09-27T04:35:08","modified_gmt":"2025-09-27T10:35:08","slug":"analizan-en-el-senado-la-politica-industrial-en-el-siglo-xxi","status":"publish","type":"post","link":"https:\/\/sientetupasion.com\/index.php\/2025\/09\/27\/analizan-en-el-senado-la-politica-industrial-en-el-siglo-xxi\/","title":{"rendered":"Analizan en el Senado la pol\u00edtica industrial en el siglo XXI"},"content":{"rendered":"<ul>\n<li><em><strong>Presentan libro que concluye que Am\u00e9rica Latina necesita una pol\u00edtica industrial renovada, din\u00e1mica y adaptable.<\/strong><\/em><\/li>\n<\/ul>\n<p>&nbsp;<\/p>\n<p>El presidente de la Comisi\u00f3n de Econom\u00eda, Emmanuel Reyes Carmona, present\u00f3 en el Senado de la Rep\u00fablica el libro \u201cPol\u00edtica industrial en el siglo XXI. Instrumentos de pol\u00edtica de desarrollo industrial e innovaci\u00f3n tecnol\u00f3gica\u201d, coordinado por Rodrigo Aliphat Rodr\u00edguez y Andr\u00e9s Blancas Neria.<\/p>\n<p>&nbsp;<\/p>\n<p>La obra concluye que Am\u00e9rica Latina necesita una pol\u00edtica industrial renovada, din\u00e1mica y adaptable, centrada en la innovaci\u00f3n tecnol\u00f3gica, en el fortalecimiento de capacidades productivas locales y la sostenibilidad.<\/p>\n<p>&nbsp;<\/p>\n<p>Tambi\u00e9n destaca que el crecimiento econ\u00f3mico no debe desvincularse del desarrollo humano ni de la equidad, por lo que se requiere una acci\u00f3n coordinada entre el Estado, las empresas y el sistema educativo.<\/p>\n<p>&nbsp;<\/p>\n<p>Reyes Carmona enfatiz\u00f3 que el Plan M\u00e9xico nos invita a repensar el modelo de desarrollo, pues se trata de pasar de una econom\u00eda dependiente y vulnerable a una que coloque a M\u00e9xico como un actor clave en la revoluci\u00f3n tecnol\u00f3gica global.<\/p>\n<p>&nbsp;<\/p>\n<p>\u201cSi todas y todos cumplimos con lo que nos toca podemos hacer que la pol\u00edtica industrial pueda ir m\u00e1s all\u00e1, con altura de miras, instituciones inclusivas y una apuesta firme en la innovaci\u00f3n; solamente as\u00ed podremos transformar nuestra posici\u00f3n en las cadenas globales de valor y garantizar un futuro de prosperidad compartida.<\/p>\n<p>&nbsp;<\/p>\n<p>Por su parte, Lorena Rodr\u00edguez Le\u00f3n, directora de la Facultad de Econom\u00eda de la UNAM, destac\u00f3 que la obra argumenta que se tiene que impulsar una pol\u00edtica industrial interna, coherente y soberana; sin embargo, se\u00f1al\u00f3 que mejorar la productividad total de los factores depende directamente de la innovaci\u00f3n tecnol\u00f3gica, del fortalecimiento del capital humano y la creaci\u00f3n de entornos que generen beneficios para m\u00faltiples sectores.<\/p>\n<p>&nbsp;<\/p>\n<p>La acad\u00e9mica asent\u00f3 que para lograrlo estos objetivos se requiere de una pol\u00edtica econ\u00f3mica integral, que no se limite s\u00f3lo a corregir las fallas del mercado, sino que promueva activamente la productividad, la equidad y la sostenibilidad.<\/p>\n<p>&nbsp;<\/p>\n<p>Rodr\u00edguez Le\u00f3n agreg\u00f3 que estos elementos tienen que estar presentes en la elaboraci\u00f3n de las pol\u00edticas de nuestro pa\u00eds, por lo que es necesario articular las pol\u00edticas industriales con las pol\u00edticas sociales para impulsar la equidad y la competitividad. Hay que fomentar la innovaci\u00f3n tecnol\u00f3gica desde el sistema educativo, subray\u00f3.<\/p>\n<p>&nbsp;<\/p>\n<p>Georgina Arenas Loo, directora de Det\u00e9ctalo a Tiempo, subray\u00f3 que la pandemia de Covid-19 oblig\u00f3 a repensar negocios, fortalecer alianzas y generar innovaci\u00f3n, pues no se trata de competir en soledad, sino de construir redes que permitan acceso a mercados, profesionalizaci\u00f3n, innovaci\u00f3n compartida y resiliencia econ\u00f3mica.<\/p>\n<p>&nbsp;<\/p>\n<p>Jos\u00e9 Eduardo Gonz\u00e1lez G\u00f3mez Tagle, presidente de la Comisi\u00f3n Econ\u00f3mica de Di\u00e1logos por M\u00e9xico, asent\u00f3 que las mesas de di\u00e1logo para la revisi\u00f3n del T-MEC son un actor protag\u00f3nico y dejan un mensaje bastante claro de que, sin una pol\u00edtica activa e innovadora, \u201cel tratado se convertir\u00eda en un marco que administrar\u00edamos sin ning\u00fan provecho\u201d.<\/p>\n<p>&nbsp;<\/p>\n<p>En su oportunidad, el director de la Divisi\u00f3n de Estudios sobre el Desarrollo del Centro de Investigaci\u00f3n y Docencia Econ\u00f3micas (CIDE) y coordinador de la obra, Rodrigo Aliphat Rodr\u00edguez, habl\u00f3 de la importancia de la pol\u00edtica industrial para el desarrollo nacional, pero sobre todo de la necesidad de contar con los instrumentos para medir sus alcances y darle seguimiento en busca de mejoras.<\/p>\n<p>&nbsp;<\/p>\n<p>Al encuentro tambi\u00e9n asistieron Ariadna Hern\u00e1ndez Rivera, profesora e investigadora de la Facultad de Econom\u00eda de la Benem\u00e9rita Universidad Aut\u00f3noma de Puebla; y el doctor Jaime Prudencia, director de la Divisi\u00f3n de Econom\u00eda, de la Universidad Aut\u00f3noma Metropolitana.<\/p>\n","protected":false},"excerpt":{"rendered":"<p>Presentan libro que concluye que Am\u00e9rica Latina necesita una pol\u00edtica industrial renovada, din\u00e1mica y adaptable. &nbsp; El presidente de la Comisi\u00f3n de Econom\u00eda, Emmanuel Reyes Carmona,<span class=\"excerpt-hellip\"> [\u2026]<\/span><\/p>\n","protected":false},"author":2,"featured_media":18380,"comment_status":"open","ping_status":"open","sticky":false,"template":"","format":"standard","meta":{"footnotes":""},"categories":[8],"tags":[],"class_list":["post-18379","post","type-post","status-publish","format-standard","has-post-thumbnail","hentry","category-politica"],"_links":{"self":[{"href":"https:\/\/sientetupasion.com\/index.php\/wp-json\/wp\/v2\/posts\/18379","targetHints":{"allow":["GET"]}}],"collection":[{"href":"https:\/\/sientetupasion.com\/index.php\/wp-json\/wp\/v2\/posts"}],"about":[{"href":"https:\/\/sientetupasion.com\/index.php\/wp-json\/wp\/v2\/types\/post"}],"author":[{"embeddable":true,"href":"https:\/\/sientetupasion.com\/index.php\/wp-json\/wp\/v2\/users\/2"}],"replies":[{"embeddable":true,"href":"https:\/\/sientetupasion.com\/index.php\/wp-json\/wp\/v2\/comments?post=18379"}],"version-history":[{"count":1,"href":"https:\/\/sientetupasion.com\/index.php\/wp-json\/wp\/v2\/posts\/18379\/revisions"}],"predecessor-version":[{"id":18381,"href":"https:\/\/sientetupasion.com\/index.php\/wp-json\/wp\/v2\/posts\/18379\/revisions\/18381"}],"wp:featuredmedia":[{"embeddable":true,"href":"https:\/\/sientetupasion.com\/index.php\/wp-json\/wp\/v2\/media\/18380"}],"wp:attachment":[{"href":"https:\/\/sientetupasion.com\/index.php\/wp-json\/wp\/v2\/media?parent=18379"}],"wp:term":[{"taxonomy":"category","embeddable":true,"href":"https:\/\/sientetupasion.com\/index.php\/wp-json\/wp\/v2\/categories?post=18379"},{"taxonomy":"post_tag","embeddable":true,"href":"https:\/\/sientetupasion.com\/index.php\/wp-json\/wp\/v2\/tags?post=18379"}],"curies":[{"name":"wp","href":"https:\/\/api.w.org\/{rel}","templated":true}]}}