{"id":18236,"date":"2025-09-26T07:53:30","date_gmt":"2025-09-26T13:53:30","guid":{"rendered":"https:\/\/sientetupasion.com\/?p=18236"},"modified":"2025-09-26T07:53:30","modified_gmt":"2025-09-26T13:53:30","slug":"abre-el-pri-inscripciones-de-su-nueva-escuela-de-formacion-politica","status":"publish","type":"post","link":"https:\/\/sientetupasion.com\/index.php\/2025\/09\/26\/abre-el-pri-inscripciones-de-su-nueva-escuela-de-formacion-politica\/","title":{"rendered":"ABRE EL PRI INSCRIPCIONES DE SU NUEVA ESCUELA DE FORMACI\u00d3N POL\u00cdTICA"},"content":{"rendered":"<p>**<\/p>\n<p>El Comit\u00e9 Directivo Estatal (CDE) del Partido Revolucionario Institucional (PRI), que encabeza el Presidente, Carlos Pe\u00f1a Badillo, a trav\u00e9s de la Secretar\u00eda de Vinculaci\u00f3n con la Sociedad Civil a cargo de Marco Antonio Salazar y la Coordinaci\u00f3n Estatal de los Comit\u00e9s de Participaci\u00f3n Social, convoca a las juventudes priistas a participar en la primera generaci\u00f3n de la Escuela de Formaci\u00f3n Pol\u00edtica, Jos\u00e9 Marco Antonio Olvera Acevedo.<\/p>\n<p>El objetivo de esta Escuela de Formaci\u00f3n Pol\u00edtica del PRI es fomentar la profesionalizaci\u00f3n de los cuadros j\u00f3venes del partido, mediante un esquema estructurado de capacitaciones y sesiones que contribuyan a la formaci\u00f3n pol\u00edtica.<\/p>\n<p>Adem\u00e1s podr\u00e1n participar todas y todos los militantes y simpatizantes del PRI que tengan entre 12 y 29 a\u00f1os, adem\u00e1s deber\u00e1n tener inter\u00e9s por la historia del partido, la administraci\u00f3n p\u00fablica y la t\u00e9cnica legislativa.<\/p>\n<p>La Escuela de Formaci\u00f3n Pol\u00edtica Jos\u00e9 Marco Antonio Olvera Acevedo tendr\u00e1 una duraci\u00f3n de 8 meses con sesiones semanales y las y los interesados se podr\u00e1n inscribir en la p\u00e1gina http:\/\/prizacatecas.org.mx\/, hasta el 15 de octubre del presente a\u00f1o. Adem\u00e1s deber\u00e1n registrarse en el siguiente formulario: https:\/\/forms.gle\/L2Poqt4KhDkmu4g29. <\/p>\n<p>&#8212;000&#8212;<\/p>\n","protected":false},"excerpt":{"rendered":"<p>** El Comit\u00e9 Directivo Estatal (CDE) del Partido Revolucionario Institucional (PRI), que encabeza el Presidente, Carlos Pe\u00f1a Badillo, a trav\u00e9s de la Secretar\u00eda de Vinculaci\u00f3n con<span class=\"excerpt-hellip\"> [\u2026]<\/span><\/p>\n","protected":false},"author":2,"featured_media":18237,"comment_status":"open","ping_status":"open","sticky":false,"template":"","format":"standard","meta":{"footnotes":""},"categories":[8],"tags":[],"class_list":["post-18236","post","type-post","status-publish","format-standard","has-post-thumbnail","hentry","category-politica"],"_links":{"self":[{"href":"https:\/\/sientetupasion.com\/index.php\/wp-json\/wp\/v2\/posts\/18236","targetHints":{"allow":["GET"]}}],"collection":[{"href":"https:\/\/sientetupasion.com\/index.php\/wp-json\/wp\/v2\/posts"}],"about":[{"href":"https:\/\/sientetupasion.com\/index.php\/wp-json\/wp\/v2\/types\/post"}],"author":[{"embeddable":true,"href":"https:\/\/sientetupasion.com\/index.php\/wp-json\/wp\/v2\/users\/2"}],"replies":[{"embeddable":true,"href":"https:\/\/sientetupasion.com\/index.php\/wp-json\/wp\/v2\/comments?post=18236"}],"version-history":[{"count":1,"href":"https:\/\/sientetupasion.com\/index.php\/wp-json\/wp\/v2\/posts\/18236\/revisions"}],"predecessor-version":[{"id":18238,"href":"https:\/\/sientetupasion.com\/index.php\/wp-json\/wp\/v2\/posts\/18236\/revisions\/18238"}],"wp:featuredmedia":[{"embeddable":true,"href":"https:\/\/sientetupasion.com\/index.php\/wp-json\/wp\/v2\/media\/18237"}],"wp:attachment":[{"href":"https:\/\/sientetupasion.com\/index.php\/wp-json\/wp\/v2\/media?parent=18236"}],"wp:term":[{"taxonomy":"category","embeddable":true,"href":"https:\/\/sientetupasion.com\/index.php\/wp-json\/wp\/v2\/categories?post=18236"},{"taxonomy":"post_tag","embeddable":true,"href":"https:\/\/sientetupasion.com\/index.php\/wp-json\/wp\/v2\/tags?post=18236"}],"curies":[{"name":"wp","href":"https:\/\/api.w.org\/{rel}","templated":true}]}}