{"id":18202,"date":"2025-09-25T07:48:08","date_gmt":"2025-09-25T13:48:08","guid":{"rendered":"https:\/\/sientetupasion.com\/?p=18202"},"modified":"2025-09-25T07:48:08","modified_gmt":"2025-09-25T13:48:08","slug":"modernizacion-aduanera-clave-para-el-comercio-exterior-mejia-haro","status":"publish","type":"post","link":"https:\/\/sientetupasion.com\/index.php\/2025\/09\/25\/modernizacion-aduanera-clave-para-el-comercio-exterior-mejia-haro\/","title":{"rendered":"MODERNIZACI\u00d3N ADUANERA, CLAVE PARA EL COMERCIO EXTERIOR: MEJ\u00cdA HARO"},"content":{"rendered":"<p>Ciudad de M\u00e9xico, a 24 de septiembre de 2025.\u2013 En el marco del Paquete Econ\u00f3mico 2026, la presidenta de la Rep\u00fablica, Claudia Sheinbaum Pardo, present\u00f3 ante la C\u00e1mara de Diputados la iniciativa de reforma a la Ley Aduanera. La propuesta busca modernizar las aduanas, fortalecer los controles en el comercio exterior y combatir la evasi\u00f3n y el contrabando, todo ello sin aumentar ni crear nuevos impuestos.<\/p>\n<p>El diputado federal Ulises Mej\u00eda Haro destac\u00f3 la relevancia de esta iniciativa al se\u00f1alar que se trata de \u201cuna de las reformas econ\u00f3micas m\u00e1s importantes de esta administraci\u00f3n, ya que las aduanas mexicanas generan alrededor del 30% de la recaudaci\u00f3n federal y cumplen un papel clave en materia de seguridad nacional. Por ello, la modernizaci\u00f3n del marco aduanero no es solo un asunto de ingresos, sino tambi\u00e9n de competitividad y confianza en nuestro comercio exterior\u201d.<\/p>\n<p>Entre los cambios propuestos sobresalen la digitalizaci\u00f3n y vigilancia obligatoria en recintos fiscales, que permitir\u00e1 controles m\u00e1s \u00e1giles y transparentes; la regulaci\u00f3n m\u00e1s estricta a los agentes aduanales, cuyas patentes tendr\u00e1n una vigencia de diez a\u00f1os prorrogables bajo certificaciones peri\u00f3dicas; as\u00ed como la creaci\u00f3n del Consejo Aduanero Nacional, encargado de supervisar la modernizaci\u00f3n de los procedimientos y dar seguimiento a su cumplimiento.<\/p>\n<p>La iniciativa tambi\u00e9n ampl\u00eda los supuestos de infracci\u00f3n y responsabilidad, estableciendo sanciones m\u00e1s severas contra pr\u00e1cticas como la subvaluaci\u00f3n de mercanc\u00edas o el contrabando t\u00e9cnico. Al respecto, el morenista Mej\u00eda Haro subray\u00f3 que estas medidas \u201ccierran espacios de impunidad y refuerzan la fiscalizaci\u00f3n, enviando un mensaje de seriedad a nuestros socios comerciales\u201d.<\/p>\n<p>Asimismo, puntualiz\u00f3 que M\u00e9xico se encuentra en un momento hist\u00f3rico: \u201cModernizar nuestras aduanas significa garantizar un comercio m\u00e1s confiable, con reglas claras y competitivas que fortalezcan la econom\u00eda nacional. Es fundamental lograr un equilibrio entre eficiencia recaudatoria y dinamismo comercial, de manera que estas nuevas reglas no frenen la competitividad de nuestras empresas\u201d.<\/p>\n<p>Finalmente, Ulises Mej\u00eda Haro refrend\u00f3 su compromiso como legislador federal para asegurar que la reforma se traduzca en beneficios reales para el pa\u00eds. \u201cSe trata de un paso firme hacia un sistema aduanero moderno, transparente y alineado con las exigencias de la econom\u00eda global del siglo XXI. Estoy convencido de que, con reglas claras y un marco jur\u00eddico fortalecido, M\u00e9xico podr\u00e1 consolidar un comercio exterior m\u00e1s justo, competitivo y al servicio del desarrollo nacional\u201d.<\/p>\n","protected":false},"excerpt":{"rendered":"<p>Ciudad de M\u00e9xico, a 24 de septiembre de 2025.\u2013 En el marco del Paquete Econ\u00f3mico 2026, la presidenta de la Rep\u00fablica, Claudia Sheinbaum Pardo, present\u00f3 ante<span class=\"excerpt-hellip\"> [\u2026]<\/span><\/p>\n","protected":false},"author":2,"featured_media":18203,"comment_status":"open","ping_status":"open","sticky":false,"template":"","format":"standard","meta":{"footnotes":""},"categories":[8],"tags":[],"class_list":["post-18202","post","type-post","status-publish","format-standard","has-post-thumbnail","hentry","category-politica"],"_links":{"self":[{"href":"https:\/\/sientetupasion.com\/index.php\/wp-json\/wp\/v2\/posts\/18202","targetHints":{"allow":["GET"]}}],"collection":[{"href":"https:\/\/sientetupasion.com\/index.php\/wp-json\/wp\/v2\/posts"}],"about":[{"href":"https:\/\/sientetupasion.com\/index.php\/wp-json\/wp\/v2\/types\/post"}],"author":[{"embeddable":true,"href":"https:\/\/sientetupasion.com\/index.php\/wp-json\/wp\/v2\/users\/2"}],"replies":[{"embeddable":true,"href":"https:\/\/sientetupasion.com\/index.php\/wp-json\/wp\/v2\/comments?post=18202"}],"version-history":[{"count":1,"href":"https:\/\/sientetupasion.com\/index.php\/wp-json\/wp\/v2\/posts\/18202\/revisions"}],"predecessor-version":[{"id":18204,"href":"https:\/\/sientetupasion.com\/index.php\/wp-json\/wp\/v2\/posts\/18202\/revisions\/18204"}],"wp:featuredmedia":[{"embeddable":true,"href":"https:\/\/sientetupasion.com\/index.php\/wp-json\/wp\/v2\/media\/18203"}],"wp:attachment":[{"href":"https:\/\/sientetupasion.com\/index.php\/wp-json\/wp\/v2\/media?parent=18202"}],"wp:term":[{"taxonomy":"category","embeddable":true,"href":"https:\/\/sientetupasion.com\/index.php\/wp-json\/wp\/v2\/categories?post=18202"},{"taxonomy":"post_tag","embeddable":true,"href":"https:\/\/sientetupasion.com\/index.php\/wp-json\/wp\/v2\/tags?post=18202"}],"curies":[{"name":"wp","href":"https:\/\/api.w.org\/{rel}","templated":true}]}}