{"id":17837,"date":"2025-09-18T13:14:53","date_gmt":"2025-09-18T19:14:53","guid":{"rendered":"https:\/\/sientetupasion.com\/?p=17837"},"modified":"2025-09-18T13:14:53","modified_gmt":"2025-09-18T19:14:53","slug":"exigira-el-pri-que-el-presupuesto-2026-beneficie-a-zacatecas-carlos-pena","status":"publish","type":"post","link":"https:\/\/sientetupasion.com\/index.php\/2025\/09\/18\/exigira-el-pri-que-el-presupuesto-2026-beneficie-a-zacatecas-carlos-pena\/","title":{"rendered":"EXIGIR\u00c1 EL PRI QUE EL PRESUPUESTO 2026 BENEFICIE A ZACATECAS: CARLOS PE\u00d1A"},"content":{"rendered":"<p>**<\/p>\n<p>\u2022 *El Delegado General del CEN, Jos\u00e9 Marco Antonio Olvera Acevedo asever\u00f3 que el Paquete Econ\u00f3mico 2026 propuesto por Morena, es ficticio e irresponsable.*<br \/>\n\u2022 *El Presidente estatal del PRI, Carlos Pe\u00f1a Badillo reconoci\u00f3 el trabajo realizado por los ayuntamientos priistas pese a las adversidades financieras y falta de apoyo del gobierno.*<br \/>\n\u2022 *El Grupo parlamentario del PRI no acudi\u00f3 a la toma de protesta del Poder Judicial, porque no v\u00e1lida una elecci\u00f3n que a todas luces fue inducida, descarada y planeada desde el gobierno, Carlos Pe\u00f1a.*<\/p>\n<p>Ante la conformaci\u00f3n del Paquete Econ\u00f3mico 2026, el Presidente estatal del PRI, Carlos Pe\u00f1a Badillo, enfatiz\u00f3 que las y los legisladores priistas estar\u00e1n atentos y revisar\u00e1n lo que viene para Zacatecas, porque en los \u00faltimos a\u00f1os el Estado ha perdido apoyo, respaldo y presupuesto de la federaci\u00f3n para atender a los municipios, las carreteras, la educaci\u00f3n, el campo y la salud.<\/p>\n<p>Al encabezar la tradicional conferencia de prensa semanal, Pe\u00f1a Badillo conden\u00f3 que las y los legisladores de Morena y aliados, estuvieran de visita en el Estado participando en los informes de gobierno municipales, sin haber ayudado a los ayuntamientos y sin haberse preocupado por aprobar un presupuesto que pudiera acompa\u00f1ar los retos que enfrentan.<\/p>\n<p>Ese cinismo y ese descaro no puede volverse una constante, por eso desde el PRI los exhortamos a que defiendan un presupuesto digno y justo para Zacatecas, mencion\u00f3. <\/p>\n<p>Por su parte, el Delegado General del CEN, Jos\u00e9 Marco Antonio Olvera Acevedo asever\u00f3 que el Paquete Econ\u00f3mico 2026 propuesto por Morena, es ficticio e irresponsable, adem\u00e1s de que endeuda a\u00fan m\u00e1s a M\u00e9xico, castiga a las y los trabajadores, comprometiendo el futuro inmediato de las generaciones m\u00e1s j\u00f3venes.<\/p>\n<p>Adem\u00e1s se\u00f1al\u00f3 que con esta propuesta Morena endeudar\u00e1 m\u00e1s a M\u00e9xico, pues la deuda alcanzar\u00e1 los 20.25 billones con lo que pr\u00e1cticamente se habr\u00e1 duplicado entre 2018 y 2026. Adem\u00e1s, dijo, los ahorros de las y los trabajadores, as\u00ed como las PYMES ser\u00e1n severamente castigadas, as\u00ed como la educaci\u00f3n y las carreteras.<\/p>\n<p>*Informes de gobierno* <\/p>\n<p>En otro tema, Carlos Pe\u00f1a Badillo reconoci\u00f3 a los presidentes municipales, s\u00edndicos y regidores priistas, por el trabajo realizado durante su primer a\u00f1o de gesti\u00f3n pese a las adversidades financieras, falta de respaldo del gobierno federal y nula comunicaci\u00f3n del gobierno estatal. Asimismo felicit\u00f3 a los ayuntamientos del PAN y PRD, quienes tambi\u00e9n han sorteado una dif\u00edcil realidad.<\/p>\n<p>El PRI est\u00e1 orgulloso del trabajo que han realizado los ayuntamientos priistas, quienes han sido una oposici\u00f3n cr\u00edtica, responsable, alineados, pero sin ser subordinados. Desde el tricolor seguiremos trabajando de  manera permanente para cumplirle y defender a la ciudadan\u00eda, dijo.<\/p>\n<p>Pe\u00f1a Badillo conden\u00f3 que a 4 a\u00f1os del gobierno estatal, los municipios sigan padeciendo la falta de respaldo, coordinaci\u00f3n, atenci\u00f3n y acompa\u00f1amiento para enfrentar los retos comunes.<\/p>\n<p>Finalmente destac\u00f3 que la ciudadan\u00eda en Zacatecas est\u00e1 decepcionada con la Cuarta Transformaci\u00f3n por los agravios y falta de resultados, y el claro ejemplo, subray\u00f3, fue en el evento del Grito de Independencia en Plaza de Armas, donde abusando del micr\u00f3fono y cayendo en el exceso de confianza, se citaron frases que no entusiasman a las y los zacatecanos y que en la realidad los ofenden.<\/p>\n<p>*Toma de protesta del Poder Judicial*<\/p>\n<p>El Diputado local Carlos Pe\u00f1a Badillo dio a conocer que el Grupo Parlamentario del PRI en la LXV Legislatura no acudi\u00f3 a la toma de protesta de las y los Magistrados y Jueces que estar\u00e1n integrando el Poder Judicial, porque no se demerita su trabajo y preparaci\u00f3n, pero no validamos una elecci\u00f3n que a todas luces fue inducida, descarada y planeada desde el gobierno de Morena y sus aliados, a trav\u00e9s de candidatos afines al gobierno federal y estatal, sostuvo. <\/p>\n<p>Queremos que nos demuestren que no existe un Poder Judicial subordinado al gobierno, que no habr\u00e1 intervenci\u00f3n o indicaciones para saber a qui\u00e9n se le aplica la justicia y a qui\u00e9n no.<\/p>\n<p>Por ello, hizo un llamado a los integrantes del Poder Judicial para demostrar con hechos,  que van a impartir justicia de manera imparcial, pronta y expedita, garantizando siempre la libertad y la tranquilidad, para no vivir con el miedo y la preocupaci\u00f3n de que el Poder Judicial se convierta en una herramienta de represi\u00f3n.<\/p>\n<p>&#8212;000&#8212;<\/p>\n","protected":false},"excerpt":{"rendered":"<p>** \u2022 *El Delegado General del CEN, Jos\u00e9 Marco Antonio Olvera Acevedo asever\u00f3 que el Paquete Econ\u00f3mico 2026 propuesto por Morena, es ficticio e irresponsable.* \u2022<span class=\"excerpt-hellip\"> [\u2026]<\/span><\/p>\n","protected":false},"author":2,"featured_media":17838,"comment_status":"open","ping_status":"open","sticky":false,"template":"","format":"standard","meta":{"footnotes":""},"categories":[8],"tags":[],"class_list":["post-17837","post","type-post","status-publish","format-standard","has-post-thumbnail","hentry","category-politica"],"_links":{"self":[{"href":"https:\/\/sientetupasion.com\/index.php\/wp-json\/wp\/v2\/posts\/17837","targetHints":{"allow":["GET"]}}],"collection":[{"href":"https:\/\/sientetupasion.com\/index.php\/wp-json\/wp\/v2\/posts"}],"about":[{"href":"https:\/\/sientetupasion.com\/index.php\/wp-json\/wp\/v2\/types\/post"}],"author":[{"embeddable":true,"href":"https:\/\/sientetupasion.com\/index.php\/wp-json\/wp\/v2\/users\/2"}],"replies":[{"embeddable":true,"href":"https:\/\/sientetupasion.com\/index.php\/wp-json\/wp\/v2\/comments?post=17837"}],"version-history":[{"count":1,"href":"https:\/\/sientetupasion.com\/index.php\/wp-json\/wp\/v2\/posts\/17837\/revisions"}],"predecessor-version":[{"id":17839,"href":"https:\/\/sientetupasion.com\/index.php\/wp-json\/wp\/v2\/posts\/17837\/revisions\/17839"}],"wp:featuredmedia":[{"embeddable":true,"href":"https:\/\/sientetupasion.com\/index.php\/wp-json\/wp\/v2\/media\/17838"}],"wp:attachment":[{"href":"https:\/\/sientetupasion.com\/index.php\/wp-json\/wp\/v2\/media?parent=17837"}],"wp:term":[{"taxonomy":"category","embeddable":true,"href":"https:\/\/sientetupasion.com\/index.php\/wp-json\/wp\/v2\/categories?post=17837"},{"taxonomy":"post_tag","embeddable":true,"href":"https:\/\/sientetupasion.com\/index.php\/wp-json\/wp\/v2\/tags?post=17837"}],"curies":[{"name":"wp","href":"https:\/\/api.w.org\/{rel}","templated":true}]}}