{"id":17804,"date":"2025-09-16T20:57:00","date_gmt":"2025-09-17T02:57:00","guid":{"rendered":"https:\/\/sientetupasion.com\/?p=17804"},"modified":"2025-09-16T20:57:00","modified_gmt":"2025-09-17T02:57:00","slug":"celebra-el-pri-fiestas-patrias-y-coloca-capsula-del-tiempo","status":"publish","type":"post","link":"https:\/\/sientetupasion.com\/index.php\/2025\/09\/16\/celebra-el-pri-fiestas-patrias-y-coloca-capsula-del-tiempo\/","title":{"rendered":"CELEBRA EL PRI FIESTAS PATRIAS Y COLOCA C\u00c1PSULA DEL TIEMPO"},"content":{"rendered":"<p>Encabezan el evento la senadora Claudia Anaya, la diputada federal Fuensanta Guerrero, el Delegado General del CEN del PRI Jos\u00e9 Marco Antonio Olvera Acevedo y el presidente estatal, Carlos Pe\u00f1a Badillo.<\/p>\n<p>Con un respeto absoluto a nuestras tradiciones y h\u00e9roes que nos dieron Patria, esta ma\u00f1ana la dirigencia estatal del PRI, sus legisladores federales y todo su personal, presidentes de Comit\u00e9s , sindicos y regidores, rindieron un homenaje al movimiento de la Independencia Nacional, en el 115 Aniversario del Grito de Independencia que emiti\u00f3 el cura Miguel Hidalgo y Costilla.<\/p>\n<p>En el evento, como orador principal, el presidente Carlos Pe\u00f1a Badillo hizo un en\u00e9rgico llamado a la unidad y al combate frontal de los enemigos de la Independencia y la democracia, que hoy est\u00e1n aferrados en destruir al pa\u00eds y al resto de sus instituciones, luego que se adue\u00f1aron de los tres poderes de la Uni\u00f3n.<\/p>\n<p>Pe\u00f1a Badillo subray\u00f3 los esfuerzos que a lo largo de 115 a\u00f1os han realizado los mexicanos que quieren a su pa\u00eds, y destac\u00f3 que en esa tarea el Partido Revolucionario Institucional ha jugado un papel muy destacado a lo largo de los \u00faltimos 96 a\u00f1os y seguir\u00e1 haci\u00e9ndolo con mayor decisi\u00f3n y valent\u00eda.<\/p>\n<p>En\u00e9rgico, Pe\u00f1a Badillo dijo que el tiempo no espera, no da tregua,u ni tiene paciencia. El tiempo es la vida misma, que permite aprender del pasado, anhelar el futuro y vivir el presente.<\/p>\n<p>La historia es el legado de generaciones que enfrentaron su realidad, sortearon su circunstancia y cimentaron nuestro momento. Muchos fueron sus aciertos, innumerables sus lecciones incalculables sus motivaciones, dijo Pe\u00f1a Badillo.<\/p>\n<p>Y agreg\u00f3 que todo estuvo fundado en la construcci\u00f3n de una mejor Naci\u00f3n,que permitiera la igualdad, la libertad y la justicia.<\/p>\n<p>Muchas vidas se han perdido para llegar a nuestros d\u00edas. El Zacatecas y el M\u00e9xico de hoy, han visto correr sangre, gestas heroicas en las guerras y revoluciones, forjadas con valor e ideales de grandes mujeres y hombres que, resignados a no permitir los abusos y los excesos , alzaron la voz, tomaron las armas, los libros, las ideas y, convertidos en uno solo, nos ense\u00f1aron a vivir con dignidad, orgullo y entereza y, hoy, todo ello tenemos que privilegiarlo y defenderlo, concluy\u00f3 Carlos Pe\u00f1a Badillo.<\/p>\n<p>Antes, el maestro Daniel Hern\u00e1ndez Garc\u00eda hizo una rese\u00f1a hist\u00f3rica sobre el significado de la Independencia de M\u00e9xico y concluy\u00f3 que como zacatecanos y mexicanos debemos esforzarnos por defender nuestros valores y tradiciones y no permitir que un grupo pol\u00edtico destruya a nuestro pa\u00eds y sus instituciones.<\/p>\n<p>COLOCACI\u00d3N DE LA CAPSULA DEL TIEMPO.<\/p>\n<p>Con la presencia de la dirigencia estatal y sus legisladores federales, as\u00ed como todos los dem\u00e1s asistentes se llev\u00f3 a cabo la colocaci\u00f3n de una C\u00e1psula del Tiempo, que permanecer\u00e1 cerrada en la sede estatal pri\u00edsta por los pr\u00f3ximos 75 a\u00f1os, y que contiene documentos, peri\u00f3dicos, boletines de prensa, libros, fotograf\u00edas y audios que dan cuenta de la situaci\u00f3n actual de la vida institucional del PRI.<\/p>\n<p>  Esta C\u00e1psula del Tiempo contiene fotograf\u00edas de cada uno de los integrantes del PRI de Zacatecas y de sus legisladores federales y principales liderazgos municipales, incluyendo a todos los trabajadores de este Instituto Pol\u00edtico.<\/p>\n","protected":false},"excerpt":{"rendered":"<p>Encabezan el evento la senadora Claudia Anaya, la diputada federal Fuensanta Guerrero, el Delegado General del CEN del PRI Jos\u00e9 Marco Antonio Olvera Acevedo y el<span class=\"excerpt-hellip\"> [\u2026]<\/span><\/p>\n","protected":false},"author":2,"featured_media":17805,"comment_status":"open","ping_status":"open","sticky":false,"template":"","format":"standard","meta":{"footnotes":""},"categories":[8],"tags":[],"class_list":["post-17804","post","type-post","status-publish","format-standard","has-post-thumbnail","hentry","category-politica"],"_links":{"self":[{"href":"https:\/\/sientetupasion.com\/index.php\/wp-json\/wp\/v2\/posts\/17804","targetHints":{"allow":["GET"]}}],"collection":[{"href":"https:\/\/sientetupasion.com\/index.php\/wp-json\/wp\/v2\/posts"}],"about":[{"href":"https:\/\/sientetupasion.com\/index.php\/wp-json\/wp\/v2\/types\/post"}],"author":[{"embeddable":true,"href":"https:\/\/sientetupasion.com\/index.php\/wp-json\/wp\/v2\/users\/2"}],"replies":[{"embeddable":true,"href":"https:\/\/sientetupasion.com\/index.php\/wp-json\/wp\/v2\/comments?post=17804"}],"version-history":[{"count":1,"href":"https:\/\/sientetupasion.com\/index.php\/wp-json\/wp\/v2\/posts\/17804\/revisions"}],"predecessor-version":[{"id":17806,"href":"https:\/\/sientetupasion.com\/index.php\/wp-json\/wp\/v2\/posts\/17804\/revisions\/17806"}],"wp:featuredmedia":[{"embeddable":true,"href":"https:\/\/sientetupasion.com\/index.php\/wp-json\/wp\/v2\/media\/17805"}],"wp:attachment":[{"href":"https:\/\/sientetupasion.com\/index.php\/wp-json\/wp\/v2\/media?parent=17804"}],"wp:term":[{"taxonomy":"category","embeddable":true,"href":"https:\/\/sientetupasion.com\/index.php\/wp-json\/wp\/v2\/categories?post=17804"},{"taxonomy":"post_tag","embeddable":true,"href":"https:\/\/sientetupasion.com\/index.php\/wp-json\/wp\/v2\/tags?post=17804"}],"curies":[{"name":"wp","href":"https:\/\/api.w.org\/{rel}","templated":true}]}}