{"id":17622,"date":"2025-09-11T21:26:54","date_gmt":"2025-09-12T03:26:54","guid":{"rendered":"https:\/\/sientetupasion.com\/?p=17622"},"modified":"2025-09-11T21:26:54","modified_gmt":"2025-09-12T03:26:54","slug":"presenta-pt-iniciativa-para-licencias-de-conducir-permanentes-y-digitales-en-zacatecas","status":"publish","type":"post","link":"https:\/\/sientetupasion.com\/index.php\/2025\/09\/11\/presenta-pt-iniciativa-para-licencias-de-conducir-permanentes-y-digitales-en-zacatecas\/","title":{"rendered":"PRESENTA PT INICIATIVA PARA LICENCIAS DE CONDUCIR PERMANENTES Y DIGITALES EN ZACATECAS"},"content":{"rendered":"<p>En la sesi\u00f3n legislativa de este jueves se dio lectura a la iniciativa presentada por el Grupo Parlamentario del Partido del Trabajo (PT) en la LXV Legislatura, para reformar la Ley de Transporte, Tr\u00e1nsito y Vialidad del Estado y la Ley de Hacienda, con el fin de establecer la licencia de conducir permanente para servicio particular y la licencia digital con validez plena.<\/p>\n<p>Durante la exposici\u00f3n de motivos, la diputada Renata \u00c1vila Valadez, explic\u00f3 que la reforma busca modernizar el sistema de tr\u00e1nsito en la entidad, reducir costos a la ciudadan\u00eda y evitar las filas por renovaciones peri\u00f3dicas que no aportan directamente a la seguridad vial.<\/p>\n<p>Se\u00f1al\u00f3 que el modelo propuesto por el PT contempla licencias permanentes para automovilista, chofer particular y motociclista, sujetas a actualizaciones peri\u00f3dicas de aptitud mediante biometr\u00eda, actualizaci\u00f3n de datos y control m\u00e9dico, adem\u00e1s de prever la suspensi\u00f3n o cancelaci\u00f3n en casos de infracciones graves.<\/p>\n<p>Afirm\u00f3 que la iniciativa incorpora la licencia digital con la misma validez que la f\u00edsica, verificable en l\u00ednea y fuera de l\u00ednea mediante c\u00f3digo QR o tecnolog\u00eda NFC, as\u00ed como mecanismos de protecci\u00f3n de datos personales, expediente electr\u00f3nico, tr\u00e1mites digitales y videograbaci\u00f3n de procesos sensibles.<\/p>\n<p>La legisladora detall\u00f3 que en materia econ\u00f3mica se establecer\u00eda una cuota \u00fanica de expedici\u00f3n, cuotas menores para actualizaciones y beneficios para personas con discapacidad y adultas mayores, con descuentos de hasta el cincuenta por ciento y subsidios en municipios de alta marginaci\u00f3n.<\/p>\n<p>\u201cLa propuesta coloca en el centro la vida y la seguridad vial, evitando gastos innecesarios en un pl\u00e1stico que no salva vidas (\u2026) se trata de una reforma viable y moderna, que fortalece la confianza ciudadana en las instituciones y alinea a Zacatecas con la Ley General de Movilidad y Seguridad Vial\u201d, dijo.<\/p>\n<p>Para concluir, Renata \u00c1vila enfatiz\u00f3 que con esta propuesta, Zacatecas podr\u00eda colocarse a la vanguardia nacional en materia de licencias de conducir permanentes y digitales, garantizando un esquema m\u00e1s justo, transparente y enfocado en la protecci\u00f3n de la vida. La iniciativa fue turnada a comisiones para su discusi\u00f3n y dictamen.<\/p>\n<p>En la misma sesi\u00f3n, durante los asuntos generales, el diputado Alfredo Femat Ba\u00f1uelos se pronunci\u00f3 por la causa palestina, advirtiendo que lo que ocurre no es una operaci\u00f3n militar, sino un exterminio sistem\u00e1tico contra un pueblo al que se le niega incluso el derecho a existir. Afirm\u00f3 que se trata de un genocidio en tiempo real que destruye vidas y vulnera el derecho internacional humanitario, mientras la comunidad internacional y las grandes potencias mantienen un silencio c\u00f3mplice.<\/p>\n<p>Por su parte, la diputada Renata \u00c1vila expres\u00f3 su solidaridad con las madres buscadoras reprimidas durante el Cuarto Informe de Gobierno el pasado 8 de septiembre, as\u00ed como con las v\u00edctimas de violencia digital y de trata en redes sociales, problem\u00e1tica que recientemente sali\u00f3 a la luz p\u00fablica. Subray\u00f3 que la desigualdad de g\u00e9nero es una realidad que debe atenderse de fondo.<\/p>\n","protected":false},"excerpt":{"rendered":"<p>En la sesi\u00f3n legislativa de este jueves se dio lectura a la iniciativa presentada por el Grupo Parlamentario del Partido del Trabajo (PT) en la LXV<span class=\"excerpt-hellip\"> [\u2026]<\/span><\/p>\n","protected":false},"author":2,"featured_media":17623,"comment_status":"open","ping_status":"open","sticky":false,"template":"","format":"standard","meta":{"footnotes":""},"categories":[8],"tags":[],"class_list":["post-17622","post","type-post","status-publish","format-standard","has-post-thumbnail","hentry","category-politica"],"_links":{"self":[{"href":"https:\/\/sientetupasion.com\/index.php\/wp-json\/wp\/v2\/posts\/17622","targetHints":{"allow":["GET"]}}],"collection":[{"href":"https:\/\/sientetupasion.com\/index.php\/wp-json\/wp\/v2\/posts"}],"about":[{"href":"https:\/\/sientetupasion.com\/index.php\/wp-json\/wp\/v2\/types\/post"}],"author":[{"embeddable":true,"href":"https:\/\/sientetupasion.com\/index.php\/wp-json\/wp\/v2\/users\/2"}],"replies":[{"embeddable":true,"href":"https:\/\/sientetupasion.com\/index.php\/wp-json\/wp\/v2\/comments?post=17622"}],"version-history":[{"count":1,"href":"https:\/\/sientetupasion.com\/index.php\/wp-json\/wp\/v2\/posts\/17622\/revisions"}],"predecessor-version":[{"id":17624,"href":"https:\/\/sientetupasion.com\/index.php\/wp-json\/wp\/v2\/posts\/17622\/revisions\/17624"}],"wp:featuredmedia":[{"embeddable":true,"href":"https:\/\/sientetupasion.com\/index.php\/wp-json\/wp\/v2\/media\/17623"}],"wp:attachment":[{"href":"https:\/\/sientetupasion.com\/index.php\/wp-json\/wp\/v2\/media?parent=17622"}],"wp:term":[{"taxonomy":"category","embeddable":true,"href":"https:\/\/sientetupasion.com\/index.php\/wp-json\/wp\/v2\/categories?post=17622"},{"taxonomy":"post_tag","embeddable":true,"href":"https:\/\/sientetupasion.com\/index.php\/wp-json\/wp\/v2\/tags?post=17622"}],"curies":[{"name":"wp","href":"https:\/\/api.w.org\/{rel}","templated":true}]}}