{"id":17376,"date":"2025-09-07T09:33:55","date_gmt":"2025-09-07T15:33:55","guid":{"rendered":"https:\/\/sientetupasion.com\/?p=17376"},"modified":"2025-09-07T09:33:55","modified_gmt":"2025-09-07T15:33:55","slug":"adelanta-noemi-luna-su-compromiso-de-defender-nuevamente-un-presupuesto-2026-justo-y-digno-para-zacatecas","status":"publish","type":"post","link":"https:\/\/sientetupasion.com\/index.php\/2025\/09\/07\/adelanta-noemi-luna-su-compromiso-de-defender-nuevamente-un-presupuesto-2026-justo-y-digno-para-zacatecas\/","title":{"rendered":"ADELANTA NOEM\u00cd LUNA SU COMPROMISO DE DEFENDER NUEVAMENTE UN PRESUPUESTO 2026 JUSTO Y DIGNO PARA ZACATECAS"},"content":{"rendered":"<p>\u2022\tLa propuesta del Paquete Econ\u00f3mico de la Presidenta Sheinbaum llegar\u00e1 a la C\u00e1mara de Diputados el pr\u00f3ximo 8 de septiembre para su an\u00e1lisis<br \/>\n\u2022\tLa zacatecana vigilar\u00e1 que se incrementen los recursos para las prioridades sociales del estado: seguridad, salud y educaci\u00f3n, entre otras<\/p>\n<p>La legisladora Noem\u00ed Luna adelant\u00f3 su compromiso de defender un presupuesto justo y digno para Zacatecas en el 2026, que atienda las necesidades prioritarias de la poblaci\u00f3n: seguridad, salud, educaci\u00f3n, campo y generaci\u00f3n de empleos, entre otros.<\/p>\n<p>Lo anterior con el prop\u00f3sito de lograr que en Zacatecas haya bienestar, pacificaci\u00f3n y productividad, exigencias urgentes de la poblaci\u00f3n ante el caos y retroceso causado por Morena y la indolencia del Gobernador David Monreal.<\/p>\n<p>La zacatecana Vicecoordinadora General del Grupo Parlamentario del Partido Acci\u00f3n Nacional (GPPAN) manifest\u00f3 su determinaci\u00f3n ante la inminente llegada a la C\u00e1mara de Diputados del Paquete Econ\u00f3mico 2026, que se prev\u00e9 enviar\u00e1 la Presidenta Claudia Sheinbaum el pr\u00f3ximo 8 de septiembre para su an\u00e1lisis y aprobaci\u00f3n.<\/p>\n<p>Enfatiz\u00f3 que durante la discusi\u00f3n, igual que lo ha hecho desde que lleg\u00f3 al Congreso de la Uni\u00f3n, defender\u00e1 el presupuesto para Zacatecas ante la voracidad del oficialismo de Morena, PT y PVEM de encaminarlo a proyectos caprichosos de liderazgos corruptos y negocios familiares.<\/p>\n<p>Noem\u00ed Luna aclar\u00f3 que en respaldo al liderazgo que tiene como Vicecoordinadora General de la fracci\u00f3n albiceleste, el grupo parlamentario del PAN \u2013compuesto por 71 integrantes \u2013 le manifest\u00f3 su voluntad de unirse a la lucha por un mejor presupuesto para Zacatecas.<\/p>\n<p>El prop\u00f3sito conjunto ser\u00e1 lograr un monto de recursos aceptable para su entidad natal cuando se apruebe el presupuesto federal 2026, a m\u00e1s tardar el 15 de noviembre, ya que en t\u00e9rminos reales en los a\u00f1os anteriores Zacatecas ha sufrido retrocesos econ\u00f3micos lamentables.<\/p>\n<p>Record\u00f3 que en el 2021 el recurso federal asignado a la entidad super\u00f3 los 30 mil millones de pesos y al a\u00f1o siguiente alcanz\u00f3 33.7 mil millones. En el 2023 fue de 36.8 mil millones; en 2024, 38.6 mil millones; y en esta anualidad de 40.1 millones de pesos. <\/p>\n<p>Es decir, en t\u00e9rminos reales los recursos para Zacatecas registran retrocesos significativos, debido al \u00edndice de inflaci\u00f3n general en M\u00e9xico, que en dicho quinquenio ha oscilado entre el 3.4 a casi 8%. Las peores anualidades fueron 2022 y 2023, con 7.8 y 79%, respectivamente.<\/p>\n<p>Finalmente, la panista hizo nuevamente un llamado a las y los Diputados Federales por Zacatecas para que esta vez s\u00ed olviden sus diferencias y colores para unirse en la lucha por su entidad natal y se subsane la deuda hist\u00f3rica de la federaci\u00f3n con el estado.<\/p>\n<p>-0-0-0-0-0-<\/p>\n","protected":false},"excerpt":{"rendered":"<p>\u2022 La propuesta del Paquete Econ\u00f3mico de la Presidenta Sheinbaum llegar\u00e1 a la C\u00e1mara de Diputados el pr\u00f3ximo 8 de septiembre para su an\u00e1lisis \u2022 La<span class=\"excerpt-hellip\"> [\u2026]<\/span><\/p>\n","protected":false},"author":2,"featured_media":17377,"comment_status":"open","ping_status":"open","sticky":false,"template":"","format":"standard","meta":{"footnotes":""},"categories":[8],"tags":[],"class_list":["post-17376","post","type-post","status-publish","format-standard","has-post-thumbnail","hentry","category-politica"],"_links":{"self":[{"href":"https:\/\/sientetupasion.com\/index.php\/wp-json\/wp\/v2\/posts\/17376","targetHints":{"allow":["GET"]}}],"collection":[{"href":"https:\/\/sientetupasion.com\/index.php\/wp-json\/wp\/v2\/posts"}],"about":[{"href":"https:\/\/sientetupasion.com\/index.php\/wp-json\/wp\/v2\/types\/post"}],"author":[{"embeddable":true,"href":"https:\/\/sientetupasion.com\/index.php\/wp-json\/wp\/v2\/users\/2"}],"replies":[{"embeddable":true,"href":"https:\/\/sientetupasion.com\/index.php\/wp-json\/wp\/v2\/comments?post=17376"}],"version-history":[{"count":1,"href":"https:\/\/sientetupasion.com\/index.php\/wp-json\/wp\/v2\/posts\/17376\/revisions"}],"predecessor-version":[{"id":17378,"href":"https:\/\/sientetupasion.com\/index.php\/wp-json\/wp\/v2\/posts\/17376\/revisions\/17378"}],"wp:featuredmedia":[{"embeddable":true,"href":"https:\/\/sientetupasion.com\/index.php\/wp-json\/wp\/v2\/media\/17377"}],"wp:attachment":[{"href":"https:\/\/sientetupasion.com\/index.php\/wp-json\/wp\/v2\/media?parent=17376"}],"wp:term":[{"taxonomy":"category","embeddable":true,"href":"https:\/\/sientetupasion.com\/index.php\/wp-json\/wp\/v2\/categories?post=17376"},{"taxonomy":"post_tag","embeddable":true,"href":"https:\/\/sientetupasion.com\/index.php\/wp-json\/wp\/v2\/tags?post=17376"}],"curies":[{"name":"wp","href":"https:\/\/api.w.org\/{rel}","templated":true}]}}