{"id":17341,"date":"2025-09-06T03:55:30","date_gmt":"2025-09-06T09:55:30","guid":{"rendered":"https:\/\/sientetupasion.com\/?p=17341"},"modified":"2025-09-06T03:55:30","modified_gmt":"2025-09-06T09:55:30","slug":"espacio-cultural-san-lazaro-organizo-conversatorio-sobre-el-boxeo-y-su-transformacion-social","status":"publish","type":"post","link":"https:\/\/sientetupasion.com\/index.php\/2025\/09\/06\/espacio-cultural-san-lazaro-organizo-conversatorio-sobre-el-boxeo-y-su-transformacion-social\/","title":{"rendered":"Espacio Cultural San L\u00e1zaro organiz\u00f3 conversatorio sobre el boxeo y su transformaci\u00f3n social"},"content":{"rendered":"<p align=\"justify\">Coadyuva a la rehabilitaci\u00f3n social y a la reconstrucci\u00f3n del tejido comunitario: Robles Andrade<\/p>\n<p align=\"justify\">\nComo parte de la agenda del Espacio Cultural San L\u00e1zaro, este viernes se realiz\u00f3 en la C\u00e1mara de Diputados el conversatorio \u201cBoxeo y Transformaci\u00f3n Social: Deporte y Rehabilitaci\u00f3n para el Tejido Social\u201d, en el que participaron entrenadores y exboxeadores.<\/p>\n<p align=\"justify\"><iframe loading=\"lazy\" class=\"note-video-clip\" src=\"https:\/\/www.youtube.com\/embed\/wkk6NAAqWn8\" width=\"640\" height=\"360\" frameborder=\"0\" data-mce-fragment=\"1\"><\/iframe><\/p>\n<p>El director general del Espacio Cultural, El\u00edas Robles Andrade, mencion\u00f3 que este conversatorio tiene como prop\u00f3sito conocer qu\u00e9 hay detr\u00e1s del boxeo, saber m\u00e1s acerca de la econom\u00eda, la filosof\u00eda, la cuesti\u00f3n social y antropol\u00f3gica de esta disciplina.<\/p>\n<p>Resalt\u00f3 que no siempre se pueden hacer estos ejercicios donde se explore a fondo todo lo que significa el boxeo; adem\u00e1s, dijo que hablar de boxeo tambi\u00e9n es hablar de rehabilitaci\u00f3n social, reconstrucci\u00f3n del tejido comunitario, rescate de familias, de individuos y municipalidades enteras, lo cual tambi\u00e9n se abordar\u00e1 en este conversatorio.<\/p>\n<p>Expres\u00f3 que el Espacio Cultural San L\u00e1zaro no solo busca promover el programa acad\u00e9mico o actividades art\u00edsticas y culturales sino tambi\u00e9n la cultura f\u00edsica junto con el deporte, vinculando todos estos factores para lograr una agenda m\u00e1s completa.<\/p>\n<p>La boxeadora profesional Irma Garc\u00eda N\u00fa\u00f1ez &#8220;La Torbellino Garc\u00eda&#8221;, dijo que el boxeo es una actividad deportiva para todas las clases sociales, es muy amplio y ayuda a las personas en su disciplina y autocontrol tanto en la pr\u00e1ctica como en la vida cotidiana, ya que los lleva a ser m\u00e1s plenos, felices y sonre\u00edr.<\/p>\n<p>Estim\u00f3 que los espacios deportivos y las escuelas de boxeo s\u00ed pueden cambiar la vida de las personas y los profesores tienen un reto enorme, m\u00e1s en la actualidad. \u201cSi tenemos una vida sana, limpia y con objetivos claros nuestra carrera puede durar m\u00e1s; a m\u00ed el boxeo me cambi\u00f3 la vida porque cuando obtuve mi primer campeonato me dijeron: o le quedas grande a tu cintur\u00f3n o te vuelves ejemplo de vida\u201d.<\/p>\n<p>Consider\u00f3 que es necesario establecer pol\u00edticas p\u00fablicas para ayudar a compa\u00f1eros desde nivel amateur hasta el profesional, ya que hay una brecha muy grande en ciertos apoyos. \u201cHay recursos en ciertos deportes; sin embargo, debemos entender que en el boxeo como en otras disciplinas est\u00e1 la actividad f\u00edsica, la recreativa, representativa y la competitiva\u201d.<\/p>\n<p>Roberto De Jes\u00fas Ortiz Vega, representante del Centro Nacional de Desarrollo de Talentos Deportivos y Alto Rendimiento, indic\u00f3 que el boxeo es una disciplina que ayuda mucho a las personas que quieren desarrollar esta pr\u00e1ctica. \u201cS\u00e9 que muchos que est\u00e1n en este evento son el futuro de M\u00e9xico. Este deporte vale la pena, es un esfuerzo enorme, el fruto de este trabajo lo ver\u00e1n reflejado cuando ganen t\u00edtulos\u201d.<\/p>\n<p>Refiri\u00f3 que la Comisi\u00f3n Nacional de Cultura F\u00edsica y Deporte (CONADE) tiene un programa para ayudar a los reclusorios federales y estatales en materia de deporte, actividad que tiene como objetivo llevar alg\u00fan tipo de capacitaci\u00f3n para las personas que quieran entrenar cierto deporte y el box ocupa el primer lugar dentro de estos centros de reinserci\u00f3n social.<\/p>\n<p>El entrenador de &#8220;Los Recios de la Merced\u201d, Rub\u00e9n Avil\u00e9s Navarrete, afirm\u00f3 que el boxeo le cambi\u00f3 la vida desde muy peque\u00f1o, ya que el deporte en general lleva a conocer a diferentes personas, lo que permite acercarse a muchos y muchas para practicar alguna disciplina y fomentar el deporte en las comunidades.<\/p>\n<p>Agreg\u00f3 que practicar alg\u00fan deporte supone un esfuerzo muy grande, ya que es necesaria la disciplina en varios aspectos como la alimentaci\u00f3n, el orden y asistir a los entrenamientos. Resalt\u00f3 que el deporte es para todos y mencion\u00f3 que \u00e9l entrena a ambos sexos en distintas categor\u00edas. Invit\u00f3 a los presentes a no alejarse del deporte ni de los estudios.<\/p>\n<p>Luis Eduardo Mart\u00ednez, entrenador &#8220;Progreso Boxing Club&#8221;, narr\u00f3 que su etapa amateur fue muy dif\u00edcil, ya que no pudo tener el apoyo de sus padres y solo contaba con su entrenador, gracias al cual logr\u00f3 salir adelante. Adem\u00e1s, comparti\u00f3 que mientras se tengan ganas de triunfar no solo en el deporte sino en la vida es posible lograr lo que imaginen sin importar sexo o condici\u00f3n social.<\/p>\n<p>Expuso que varios factores no le permitieron desarrollarse m\u00e1s a fondo en el boxeo, pero ahora como entrenador trata de inculcarle los valores adecuados a todos sus alumnos, alejarlos de malos h\u00e1bitos para as\u00ed lograr acercarlos al deporte, enfocarlos y guiarlos de buena manera para que logren lo que se proponen.<\/p>\n<p>Al t\u00e9rmino del conversatorio, El\u00edas Robles Andrade, director general del Espacio Cultural, entreg\u00f3 reconocimientos a los participantes y les agradeci\u00f3 por asistir a este evento para hablar sobre el box, la disciplina y la importancia de practicarlo.<\/p>\n","protected":false},"excerpt":{"rendered":"<p>Coadyuva a la rehabilitaci\u00f3n social y a la reconstrucci\u00f3n del tejido comunitario: Robles Andrade Como parte de la agenda del Espacio Cultural San L\u00e1zaro, este viernes<span class=\"excerpt-hellip\"> [\u2026]<\/span><\/p>\n","protected":false},"author":2,"featured_media":17342,"comment_status":"open","ping_status":"open","sticky":false,"template":"","format":"standard","meta":{"footnotes":""},"categories":[8],"tags":[],"class_list":["post-17341","post","type-post","status-publish","format-standard","has-post-thumbnail","hentry","category-politica"],"_links":{"self":[{"href":"https:\/\/sientetupasion.com\/index.php\/wp-json\/wp\/v2\/posts\/17341","targetHints":{"allow":["GET"]}}],"collection":[{"href":"https:\/\/sientetupasion.com\/index.php\/wp-json\/wp\/v2\/posts"}],"about":[{"href":"https:\/\/sientetupasion.com\/index.php\/wp-json\/wp\/v2\/types\/post"}],"author":[{"embeddable":true,"href":"https:\/\/sientetupasion.com\/index.php\/wp-json\/wp\/v2\/users\/2"}],"replies":[{"embeddable":true,"href":"https:\/\/sientetupasion.com\/index.php\/wp-json\/wp\/v2\/comments?post=17341"}],"version-history":[{"count":1,"href":"https:\/\/sientetupasion.com\/index.php\/wp-json\/wp\/v2\/posts\/17341\/revisions"}],"predecessor-version":[{"id":17343,"href":"https:\/\/sientetupasion.com\/index.php\/wp-json\/wp\/v2\/posts\/17341\/revisions\/17343"}],"wp:featuredmedia":[{"embeddable":true,"href":"https:\/\/sientetupasion.com\/index.php\/wp-json\/wp\/v2\/media\/17342"}],"wp:attachment":[{"href":"https:\/\/sientetupasion.com\/index.php\/wp-json\/wp\/v2\/media?parent=17341"}],"wp:term":[{"taxonomy":"category","embeddable":true,"href":"https:\/\/sientetupasion.com\/index.php\/wp-json\/wp\/v2\/categories?post=17341"},{"taxonomy":"post_tag","embeddable":true,"href":"https:\/\/sientetupasion.com\/index.php\/wp-json\/wp\/v2\/tags?post=17341"}],"curies":[{"name":"wp","href":"https:\/\/api.w.org\/{rel}","templated":true}]}}