{"id":17064,"date":"2025-09-03T07:04:16","date_gmt":"2025-09-03T13:04:16","guid":{"rendered":"https:\/\/sientetupasion.com\/?p=17064"},"modified":"2025-09-03T07:04:16","modified_gmt":"2025-09-03T13:04:16","slug":"renata-avila-llama-al-trabajo-interinstitucional-en-el-foro-nacional-dialogos-universitarios-para-la-prevencion-y-atencion-de-las-violencias-sexuales-y-de-genero","status":"publish","type":"post","link":"https:\/\/sientetupasion.com\/index.php\/2025\/09\/03\/renata-avila-llama-al-trabajo-interinstitucional-en-el-foro-nacional-dialogos-universitarios-para-la-prevencion-y-atencion-de-las-violencias-sexuales-y-de-genero\/","title":{"rendered":"Renata \u00c1vila llama al trabajo interinstitucional en el Foro Nacional \u201cDi\u00e1logos Universitarios para la Prevenci\u00f3n y Atenci\u00f3n de las Violencias Sexuales y de G\u00e9nero"},"content":{"rendered":"<p>\u201cExigimos justicia en cada caso de violencia que se vive en los espacios educativos; no podemos permitirnos m\u00e1s simulaciones, no m\u00e1s silencios, no m\u00e1s impunidad\u201d, afirm\u00f3 la diputada local Renata \u00c1vila Valadez.<\/p>\n<p>La presidenta de la Comisi\u00f3n de Igualdad Sustantiva entre Mujeres y Hombres de la LXV Legislatura, al participar en la inauguraci\u00f3n del Foro Nacional \u201cDi\u00e1logos Universitarios para la Prevenci\u00f3n y Atenci\u00f3n de las Violencias Sexuales y de G\u00e9nero\u201d, organizado por la Red de Docentes Feministas de la Universidad Aut\u00f3noma de Zacatecas (UAZ). <\/p>\n<p>La legisladora enfatiz\u00f3 que la universidad debe ser un lugar libre de violencias, \u201cdonde la dignidad y la igualdad sean principios irrenunciables\u201d, y sostuvo que desde el Congreso local se ha trabajado de manera corresponsable con pleno respeto a la autonom\u00eda universitaria. <\/p>\n<p>\u201cRespetar la autonom\u00eda no significa ser indiferentes, significa trabajar de manera corresponsable para garantizar que la universidad sea un espacio seguro y libre de violencia para estudiantes, docentes y trabajadoras\u201d, puntualiz\u00f3.<\/p>\n<p>\u00c1vila Valadez tambi\u00e9n hizo un llamado a la comunidad universitaria a escuchar la voz de las juventudes, a quienes reconoci\u00f3 como la fuerza que ha exigido un cambio real, ya que, \u201cson ellas quienes han exigido que la universidad sea un lugar seguro donde florezca el pensamiento y la vida en comunidad y es su voz la que debe guiarnos\u201d.<\/p>\n<p>Asimismo, la diputada convoc\u00f3 a los hombres universitarios a sumarse al compromiso de erradicar las violencias se\u00f1alando que el camino hacia la igualdad no puede construirse sin su compromiso, as\u00ed mismo, exhort\u00f3 a las mujeres que se han pronunciado a favor de agresores a \u201cromper con el pacto patriarcal (ya que) callar frente a la violencia nunca puede ser opci\u00f3n\u201d.<\/p>\n<p>Respecto a los trabajos del foro, expuso que es necesario que las reflexiones se materialicen en compromisos y acciones en favor de las adolescentes, por lo que llam\u00f3 a las diversas autoridades al trabajo interinstitucional. <\/p>\n<p>Finalmente, Renata \u00c1vila expres\u00f3 su confianza en que la nueva administraci\u00f3n universitaria, encabezada por el \u00c1ngel Rom\u00e1n Guti\u00e9rrez, abra un camino hacia una UAZ \u201cm\u00e1s justa, igualitaria y libre de violencias\u201d.<\/p>\n","protected":false},"excerpt":{"rendered":"<p>\u201cExigimos justicia en cada caso de violencia que se vive en los espacios educativos; no podemos permitirnos m\u00e1s simulaciones, no m\u00e1s silencios, no m\u00e1s impunidad\u201d, afirm\u00f3<span class=\"excerpt-hellip\"> [\u2026]<\/span><\/p>\n","protected":false},"author":2,"featured_media":17065,"comment_status":"open","ping_status":"open","sticky":false,"template":"","format":"standard","meta":{"footnotes":""},"categories":[8],"tags":[],"class_list":["post-17064","post","type-post","status-publish","format-standard","has-post-thumbnail","hentry","category-politica"],"_links":{"self":[{"href":"https:\/\/sientetupasion.com\/index.php\/wp-json\/wp\/v2\/posts\/17064","targetHints":{"allow":["GET"]}}],"collection":[{"href":"https:\/\/sientetupasion.com\/index.php\/wp-json\/wp\/v2\/posts"}],"about":[{"href":"https:\/\/sientetupasion.com\/index.php\/wp-json\/wp\/v2\/types\/post"}],"author":[{"embeddable":true,"href":"https:\/\/sientetupasion.com\/index.php\/wp-json\/wp\/v2\/users\/2"}],"replies":[{"embeddable":true,"href":"https:\/\/sientetupasion.com\/index.php\/wp-json\/wp\/v2\/comments?post=17064"}],"version-history":[{"count":1,"href":"https:\/\/sientetupasion.com\/index.php\/wp-json\/wp\/v2\/posts\/17064\/revisions"}],"predecessor-version":[{"id":17066,"href":"https:\/\/sientetupasion.com\/index.php\/wp-json\/wp\/v2\/posts\/17064\/revisions\/17066"}],"wp:featuredmedia":[{"embeddable":true,"href":"https:\/\/sientetupasion.com\/index.php\/wp-json\/wp\/v2\/media\/17065"}],"wp:attachment":[{"href":"https:\/\/sientetupasion.com\/index.php\/wp-json\/wp\/v2\/media?parent=17064"}],"wp:term":[{"taxonomy":"category","embeddable":true,"href":"https:\/\/sientetupasion.com\/index.php\/wp-json\/wp\/v2\/categories?post=17064"},{"taxonomy":"post_tag","embeddable":true,"href":"https:\/\/sientetupasion.com\/index.php\/wp-json\/wp\/v2\/tags?post=17064"}],"curies":[{"name":"wp","href":"https:\/\/api.w.org\/{rel}","templated":true}]}}