{"id":17046,"date":"2025-09-02T12:16:20","date_gmt":"2025-09-02T18:16:20","guid":{"rendered":"https:\/\/sientetupasion.com\/?p=17046"},"modified":"2025-09-02T12:16:20","modified_gmt":"2025-09-02T18:16:20","slug":"ricardo-monreal-convoco-a-la-unidad-nacional-buscar-acuerdos-entendimientos-y-dejar-a-un-lado-la-confrontacion-y-la-diferencia","status":"publish","type":"post","link":"https:\/\/sientetupasion.com\/index.php\/2025\/09\/02\/ricardo-monreal-convoco-a-la-unidad-nacional-buscar-acuerdos-entendimientos-y-dejar-a-un-lado-la-confrontacion-y-la-diferencia\/","title":{"rendered":"Ricardo Monreal convoc\u00f3 a la unidad nacional, buscar acuerdos, entendimientos y dejar a un lado la confrontaci\u00f3n y la diferencia"},"content":{"rendered":"<p>El presidente de la Junta de Coordinaci\u00f3n Pol\u00edtica y coordinador del grupo parlamentario de Morena, diputado Ricardo Monreal \u00c1vila, convoc\u00f3 a la unidad nacional, a buscar acuerdos, entendimientos y caminos que nos identifiquen en prop\u00f3sitos comunes y no que nos alejen irremediablemente en la confrontaci\u00f3n y en la diferencia.<\/p>\n<p> Al fijar su postura durante la Sesi\u00f3n del Congreso General, respecto a la apertura del primer periodo de sesiones ordinarias del segundo a\u00f1o de ejercicio de la LXVI Legislatura, expres\u00f3 que \u201cno es el camino la irracionalidad, ni el odio, ni el rencor; tampoco el discurso irracional. No, no aceptemos la ira o la furia como alternativa de discurso\u201d.<\/p>\n<p>Pidi\u00f3 darle fuerza a la presidenta de la Rep\u00fablica. \u201cCerremos filas. \u201cAyudemos a construir el M\u00e9xico progresista que todos queremos y que todos deseamos\u201d. <\/p>\n<p>Afirm\u00f3: \u201cqueremos que M\u00e9xico salga adelante. Y estos momentos de dificultad frente a la visita del secretario de Estado del gobierno norteamericano que arribar\u00e1 en unas horas, M\u00e9xico debe estar unido. M\u00e9xico debe estar cohesionado para darle fuerza a nuestra presidenta y pueda enfrentar con \u00e9xito los enormes desaf\u00edos a los que est\u00e1 sometida\u201d.<\/p>\n<p>Por ello, expres\u00f3 su reconocimiento a los coordinadores de la C\u00e1mara de Diputados, del PAN, del PRI, de MC, del PT y del PVEM, \u201cgracias por respetar ustedes el acuerdo de civilidad y de conducci\u00f3n\u201d.<\/p>\n<p>Asegur\u00f3 que \u201cvamos a lograr salir adelante. Yo tengo toda la mejor disposici\u00f3n, pero mi grupo tiene la plena disposici\u00f3n de lograr lo mejor para M\u00e9xico y para la presidenta Claudia Sheinbaum. No somos un grupo de sueltos, somos un grupo en unidad con el PT y el PVEM\u201d.<\/p>\n<p>Consider\u00f3 que se requiere unidad nacional, porque \u201ccuando nos dividimos, cuando hay falta de cohesi\u00f3n, cuando hay una confrontaci\u00f3n permanente, estamos permitiendo y favoreciendo al exterior, a los extranjeros, a los invasores, a los injerencistas y eso no lo vamos a admitir. Nosotros les decimos a todos los que aplauden, a todas las que aplauden ese tipo de injerencias, intromisiones o invasiones que no pasar\u00e1n\u201d.<\/p>\n<p>Mencion\u00f3 que hoy es el inicio del segundo a\u00f1o de ejercicio legislativo y un d\u00eda hist\u00f3rico, porque se presenta en la C\u00e1mara que es sede del Congreso, el Primer Informe de Gobierno de la primera mujer presidenta despu\u00e9s de 200 a\u00f1os del M\u00e9xico independiente. <\/p>\n<p>\u201cDespu\u00e9s de 64 hombres gobernando de manera consecutiva, el movimiento que integramos logr\u00f3 con una elecci\u00f3n ejemplar llevar a la presidencia de la Rep\u00fablica a la doctora Claudia Sheinbaum Pardo\u201d, enfatiz\u00f3.<\/p>\n<p>Estim\u00f3 oportuno hacer un recuento del trabajo del Congreso y de la Comisi\u00f3n del Constituyente Permanente, al lograr 18 reformas constitucionales, 57 nuevos instrumentos jur\u00eddicos legales, entre los que destacan las nuevas leyes \u201cque le han dado rostro al pa\u00eds y que constituyen un nuevo andamiaje jur\u00eddico en todo M\u00e9xico\u201d.<\/p>\n","protected":false},"excerpt":{"rendered":"<p>El presidente de la Junta de Coordinaci\u00f3n Pol\u00edtica y coordinador del grupo parlamentario de Morena, diputado Ricardo Monreal \u00c1vila, convoc\u00f3 a la unidad nacional, a buscar<span class=\"excerpt-hellip\"> [\u2026]<\/span><\/p>\n","protected":false},"author":2,"featured_media":17047,"comment_status":"open","ping_status":"open","sticky":false,"template":"","format":"standard","meta":{"footnotes":""},"categories":[8],"tags":[],"class_list":["post-17046","post","type-post","status-publish","format-standard","has-post-thumbnail","hentry","category-politica"],"_links":{"self":[{"href":"https:\/\/sientetupasion.com\/index.php\/wp-json\/wp\/v2\/posts\/17046","targetHints":{"allow":["GET"]}}],"collection":[{"href":"https:\/\/sientetupasion.com\/index.php\/wp-json\/wp\/v2\/posts"}],"about":[{"href":"https:\/\/sientetupasion.com\/index.php\/wp-json\/wp\/v2\/types\/post"}],"author":[{"embeddable":true,"href":"https:\/\/sientetupasion.com\/index.php\/wp-json\/wp\/v2\/users\/2"}],"replies":[{"embeddable":true,"href":"https:\/\/sientetupasion.com\/index.php\/wp-json\/wp\/v2\/comments?post=17046"}],"version-history":[{"count":1,"href":"https:\/\/sientetupasion.com\/index.php\/wp-json\/wp\/v2\/posts\/17046\/revisions"}],"predecessor-version":[{"id":17048,"href":"https:\/\/sientetupasion.com\/index.php\/wp-json\/wp\/v2\/posts\/17046\/revisions\/17048"}],"wp:featuredmedia":[{"embeddable":true,"href":"https:\/\/sientetupasion.com\/index.php\/wp-json\/wp\/v2\/media\/17047"}],"wp:attachment":[{"href":"https:\/\/sientetupasion.com\/index.php\/wp-json\/wp\/v2\/media?parent=17046"}],"wp:term":[{"taxonomy":"category","embeddable":true,"href":"https:\/\/sientetupasion.com\/index.php\/wp-json\/wp\/v2\/categories?post=17046"},{"taxonomy":"post_tag","embeddable":true,"href":"https:\/\/sientetupasion.com\/index.php\/wp-json\/wp\/v2\/tags?post=17046"}],"curies":[{"name":"wp","href":"https:\/\/api.w.org\/{rel}","templated":true}]}}