{"id":17043,"date":"2025-09-02T12:13:18","date_gmt":"2025-09-02T18:13:18","guid":{"rendered":"https:\/\/sientetupasion.com\/?p=17043"},"modified":"2025-09-02T12:13:18","modified_gmt":"2025-09-02T18:13:18","slug":"concluye-la-sesion-solemne-para-la-integracion-del-nuevo-poder-judicial-de-la-federacion","status":"publish","type":"post","link":"https:\/\/sientetupasion.com\/index.php\/2025\/09\/02\/concluye-la-sesion-solemne-para-la-integracion-del-nuevo-poder-judicial-de-la-federacion\/","title":{"rendered":"Concluye la Sesi\u00f3n Solemne para la integraci\u00f3n del nuevo Poder Judicial de la Federaci\u00f3n"},"content":{"rendered":"<p>Rinden protesta magistradas y magistrados de Circuito, as\u00ed como juezas y jueces de Distrito.<\/p>\n<p>Con la toma de protesta constitucional de magistradas y magistrados de Circuito, as\u00ed como de juezas y jueces de Distrito, el Senado de la Rep\u00fablica concluy\u00f3 la Sesi\u00f3n Solemne para completar la integraci\u00f3n formal del nuevo Poder Judicial de la Federaci\u00f3n.<\/p>\n<p>La presidenta del Senado de la Rep\u00fablica, Laura Itzel Castillo Ju\u00e1rez, precis\u00f3 que con esta toma de protesta concluyeron el nombramiento de 875 personas juzgadoras de las 881 que fueron electas el pasado 1 de junio.<\/p>\n<p>Adem\u00e1s, subray\u00f3, \u201ccon este acto se inicia una nueva etapa en la historia de M\u00e9xico: la fundaci\u00f3n del nuevo Poder Judicial emanado de un proceso electoral\u201d.<\/p>\n<p>La vicepresidenta Ver\u00f3nica Noemi Camino Farjat inici\u00f3 con la toma de protesta de estos bloques y se\u00f1al\u00f3 que el cargo que asumir\u00e1n ser\u00e1 de conformidad con el circuito, materia y especialidad que se se\u00f1ala en la constancia de mayor\u00eda, que fue emitida por el Instituto Nacional Electoral (INE).<\/p>\n<p>La secretaria de la Mesa Directiva, Jasmine Mar\u00eda Bugar\u00edn, inform\u00f3 que la magistrada Claudia Valeria Delgado Urby, del Circuito ocho en materia civil y de trabajo con sede en Coahuila, as\u00ed como el Juez de Distrito, Francisco Alejandro Res\u00e9ndiz Venegas, del circuito 22 en materia laboral con sede en Quer\u00e9taro no se presentaron para rendir su protesta al cargo, por lo que lo har\u00e1n en sesi\u00f3n plenaria posterior.<\/p>\n<p>Precis\u00f3 que existen tres cargos vacantes por falta de candidaturas: el correspondiente a la magistratura del Circuito cuatro del distrito judicial tres en materia mixta con sede en Nuevo Le\u00f3n; el correspondiente a la magistratura del circuito 16 del distrito judicial dos en materia civil con sede en Guanajuato; y el correspondiente al juzgado de distrito del circuito ocho, del distrito judicial dos en materia mercantil con sede en Coahuila.<\/p>\n<p>Adem\u00e1s, se inform\u00f3 que el INE hizo del conocimiento oportuno de la presidencia de la Mesa Directiva la subsistencia de la vacante al cargo de juez de distrito en el circuito uno del distrito judicial dos en materia administrativa con sede en la Ciudad de M\u00e9xico.<\/p>\n<p>Subray\u00f3 que en ninguno de los cuatro casos se\u00f1alados se actualizan las condiciones para que el Senado de la Rep\u00fablica tome la protesta a persona alguna.<\/p>\n","protected":false},"excerpt":{"rendered":"<p>Rinden protesta magistradas y magistrados de Circuito, as\u00ed como juezas y jueces de Distrito. Con la toma de protesta constitucional de magistradas y magistrados de Circuito,<span class=\"excerpt-hellip\"> [\u2026]<\/span><\/p>\n","protected":false},"author":2,"featured_media":17044,"comment_status":"open","ping_status":"open","sticky":false,"template":"","format":"standard","meta":{"footnotes":""},"categories":[8],"tags":[],"class_list":["post-17043","post","type-post","status-publish","format-standard","has-post-thumbnail","hentry","category-politica"],"_links":{"self":[{"href":"https:\/\/sientetupasion.com\/index.php\/wp-json\/wp\/v2\/posts\/17043","targetHints":{"allow":["GET"]}}],"collection":[{"href":"https:\/\/sientetupasion.com\/index.php\/wp-json\/wp\/v2\/posts"}],"about":[{"href":"https:\/\/sientetupasion.com\/index.php\/wp-json\/wp\/v2\/types\/post"}],"author":[{"embeddable":true,"href":"https:\/\/sientetupasion.com\/index.php\/wp-json\/wp\/v2\/users\/2"}],"replies":[{"embeddable":true,"href":"https:\/\/sientetupasion.com\/index.php\/wp-json\/wp\/v2\/comments?post=17043"}],"version-history":[{"count":1,"href":"https:\/\/sientetupasion.com\/index.php\/wp-json\/wp\/v2\/posts\/17043\/revisions"}],"predecessor-version":[{"id":17045,"href":"https:\/\/sientetupasion.com\/index.php\/wp-json\/wp\/v2\/posts\/17043\/revisions\/17045"}],"wp:featuredmedia":[{"embeddable":true,"href":"https:\/\/sientetupasion.com\/index.php\/wp-json\/wp\/v2\/media\/17044"}],"wp:attachment":[{"href":"https:\/\/sientetupasion.com\/index.php\/wp-json\/wp\/v2\/media?parent=17043"}],"wp:term":[{"taxonomy":"category","embeddable":true,"href":"https:\/\/sientetupasion.com\/index.php\/wp-json\/wp\/v2\/categories?post=17043"},{"taxonomy":"post_tag","embeddable":true,"href":"https:\/\/sientetupasion.com\/index.php\/wp-json\/wp\/v2\/tags?post=17043"}],"curies":[{"name":"wp","href":"https:\/\/api.w.org\/{rel}","templated":true}]}}