{"id":17021,"date":"2025-09-02T11:59:06","date_gmt":"2025-09-02T17:59:06","guid":{"rendered":"https:\/\/sientetupasion.com\/?p=17021"},"modified":"2025-09-02T11:59:06","modified_gmt":"2025-09-02T17:59:06","slug":"mexico-de-luto-la-justicia-ha-muerto-a-manos-de-morena-alejandro-moreno","status":"publish","type":"post","link":"https:\/\/sientetupasion.com\/index.php\/2025\/09\/02\/mexico-de-luto-la-justicia-ha-muerto-a-manos-de-morena-alejandro-moreno\/","title":{"rendered":"*M\u00c9XICO, DE LUTO; LA JUSTICIA HA MUERTO A MANOS DE MORENA: ALEJANDRO MORENO"},"content":{"rendered":"<p>\u2022 *Al presentar el posicionamiento pol\u00edtico del PRI en el Congreso, el Presidente Nacional del tricolor dijo que la siniestra alianza entre el poder pol\u00edtico y el poder criminal en M\u00e9xico ha provocado ya m\u00e1s muertos que Al Qaeda.*<br \/>\n\u2022 *Adelant\u00f3 que \u201cno vamos a permitir que se instale una narcodictadura terrorista y comunista en nuestro pa\u00eds\u201d.*<br \/>\n\u2022 *Asegur\u00f3 que \u201cno nos van a callar\u201d e inform\u00f3 que el tricolor votar\u00e1 en contra de \u201cesa locura de reforma electoral\u201d.*<\/p>\n<p>El senador y Presidente Nacional del Partido Revolucionario Institucional (PRI), Alejandro Moreno, calific\u00f3 este 1 de septiembre como \u201cun d\u00eda negro para M\u00e9xico y para la Rep\u00fablica\u201d, y asegur\u00f3 que el pa\u00eds est\u00e1 de luto porque la justicia ha muerto a manos de Morena y de una reforma fraudulenta y perniciosa, que permiti\u00f3 al partido en el poder elegir a conveniencia a ministros, magistrados y jueces, para duplicar la persecuci\u00f3n pol\u00edtica.<\/p>\n<p>Desde la tribuna del Congreso de la Uni\u00f3n, al presentar el posicionamiento pol\u00edtico del PRI, denunci\u00f3 que la siniestra alianza entre el poder pol\u00edtico y el poder criminal en M\u00e9xico ha provocado ya m\u00e1s muertos que Al Qaeda, Sendero Luminoso, las FARC o el Estado Isl\u00e1mico. El gobierno de Morena, agreg\u00f3, ha provocado m\u00e1s muertos que cualquier organizaci\u00f3n terrorista del mundo.<\/p>\n<p>Por eso, sostuvo que \u201cninguna pol\u00edtica de seguridad es cre\u00edble mientras el oficialismo insista en procurar impunidad para los suyos y perseguir a quienes los exhibimos y los denunciamos en M\u00e9xico y el mundo\u201d.<\/p>\n<p>En el marco del inicio del periodo ordinario de sesiones y del primer informe de gobierno de Claudia Sheinbaum, el senador y dirigente nacional del PRI dirigi\u00f3 su mensaje al pueblo de M\u00e9xico y al Congreso, pero tambi\u00e9n al Secretario General de la Organizaci\u00f3n de las Naciones Unidas (ONU), Ant\u00f3nio Guterres, al Secretario General de la Organizaci\u00f3n de los Estados Americanos (OEA), Albert Ramdin, y al Alto Comisionado de los Derechos Humanos, Volker T\u00fcrk.<\/p>\n<p>Lo anterior, como parte de su denuncia internacional sobre la destrucci\u00f3n de la democracia y de las instituciones en M\u00e9xico. En ese sentido, tras se\u00f1alar que Morena no es un movimiento, sino un c\u00e1rtel, advirti\u00f3 que ahora se avecina la reforma electoral, con la que Morena quiere destruir la pluralidad, anular la competencia pol\u00edtica y quedarse con el control absoluto del pa\u00eds.<br \/>\nDijo que lo que buscan es claro: instalar una dictadura desde las urnas, donde solo ellos ganen, solo ellos manden y nadie los cuestione.<\/p>\n<p>Empero, al respecto, el Presidente del Comit\u00e9 Ejecutivo Nacional (CEN) del tricolor, expres\u00f3 categ\u00f3rico: \u201cQue les quede claro, el PRI jam\u00e1s permitir\u00e1 que Morena asesine la democracia. No vamos a permitir que conviertan a M\u00e9xico en Venezuela\u201d.<\/p>\n<p>Se\u00f1al\u00f3 que quieren aniquilar la naturaleza del voto ciudadano, exterminar a los partidos de oposici\u00f3n e impedir la transmisi\u00f3n del poder por la v\u00eda democr\u00e1tica. Por eso, adelant\u00f3 que el PRI votar\u00e1 en contra de esa locura de reforma electoral, por convicci\u00f3n, por historia y por los principios que le dan vida al partido. <\/p>\n<p>Indic\u00f3 que como partido opositor que no se dobla, que no se quiebra, \u201cno vamos a permitir que se instale una narcodictadura terrorista y comunista en nuestro pa\u00eds, as\u00ed nos cueste la vida\u201d.<\/p>\n<p>El Presidente Alejandro Moreno destac\u00f3 que \u201choy, a nivel mundial, ya se sabe lo que pasa en M\u00e9xico, con una brutal persecuci\u00f3n pol\u00edtica, violaci\u00f3n sistem\u00e1tica de derechos humanos y violaciones flagrantes a la libertad de expresi\u00f3n de quienes alzamos la voz y pensamos distinto\u201d.<\/p>\n<p>Por otra parte, a unas horas de que visite M\u00e9xico el Secretario de Estado de los Estados Unidos, Marco Rubio, de quien dijo que es \u201cun hombre de origen latino, como nosotros, que con profesionalismo, que sabe lo que est\u00e1 pasando en M\u00e9xico\u201d, cuestion\u00f3 a Morena qu\u00e9 es lo que le van a decir, cuando est\u00e1n destruyendo la democracia y el hoy ex presidente del Senado, Gerardo Fern\u00e1ndez Noro\u00f1a, se ha fotografiado con el narcodictador de Venezuela, Nicol\u00e1s Maduro, y con Manuel Bartlett, a quien se le vincula con el asesinato del agente de la DEA, Enrique Kiki Camarena.<\/p>\n<p>&#8212;000&#8212;<\/p>\n","protected":false},"excerpt":{"rendered":"<p>\u2022 *Al presentar el posicionamiento pol\u00edtico del PRI en el Congreso, el Presidente Nacional del tricolor dijo que la siniestra alianza entre el poder pol\u00edtico y<span class=\"excerpt-hellip\"> [\u2026]<\/span><\/p>\n","protected":false},"author":2,"featured_media":17022,"comment_status":"open","ping_status":"open","sticky":false,"template":"","format":"standard","meta":{"footnotes":""},"categories":[8],"tags":[],"class_list":["post-17021","post","type-post","status-publish","format-standard","has-post-thumbnail","hentry","category-politica"],"_links":{"self":[{"href":"https:\/\/sientetupasion.com\/index.php\/wp-json\/wp\/v2\/posts\/17021","targetHints":{"allow":["GET"]}}],"collection":[{"href":"https:\/\/sientetupasion.com\/index.php\/wp-json\/wp\/v2\/posts"}],"about":[{"href":"https:\/\/sientetupasion.com\/index.php\/wp-json\/wp\/v2\/types\/post"}],"author":[{"embeddable":true,"href":"https:\/\/sientetupasion.com\/index.php\/wp-json\/wp\/v2\/users\/2"}],"replies":[{"embeddable":true,"href":"https:\/\/sientetupasion.com\/index.php\/wp-json\/wp\/v2\/comments?post=17021"}],"version-history":[{"count":1,"href":"https:\/\/sientetupasion.com\/index.php\/wp-json\/wp\/v2\/posts\/17021\/revisions"}],"predecessor-version":[{"id":17023,"href":"https:\/\/sientetupasion.com\/index.php\/wp-json\/wp\/v2\/posts\/17021\/revisions\/17023"}],"wp:featuredmedia":[{"embeddable":true,"href":"https:\/\/sientetupasion.com\/index.php\/wp-json\/wp\/v2\/media\/17022"}],"wp:attachment":[{"href":"https:\/\/sientetupasion.com\/index.php\/wp-json\/wp\/v2\/media?parent=17021"}],"wp:term":[{"taxonomy":"category","embeddable":true,"href":"https:\/\/sientetupasion.com\/index.php\/wp-json\/wp\/v2\/categories?post=17021"},{"taxonomy":"post_tag","embeddable":true,"href":"https:\/\/sientetupasion.com\/index.php\/wp-json\/wp\/v2\/tags?post=17021"}],"curies":[{"name":"wp","href":"https:\/\/api.w.org\/{rel}","templated":true}]}}