{"id":16723,"date":"2025-08-25T19:31:52","date_gmt":"2025-08-26T01:31:52","guid":{"rendered":"https:\/\/sientetupasion.com\/?p=16723"},"modified":"2025-08-25T19:31:52","modified_gmt":"2025-08-26T01:31:52","slug":"movimiento-ciudadano-se-capacita-en-igualdad-y-no-discriminacion-para-fortalecer-los-derechos-politicos-de-personas-con-discapacidad","status":"publish","type":"post","link":"https:\/\/sientetupasion.com\/index.php\/2025\/08\/25\/movimiento-ciudadano-se-capacita-en-igualdad-y-no-discriminacion-para-fortalecer-los-derechos-politicos-de-personas-con-discapacidad\/","title":{"rendered":"MOVIMIENTO CIUDADANO SE CAPACITA EN IGUALDAD Y NO DISCRIMINACI\u00d3N PARA FORTALECER LOS DERECHOS POL\u00cdTICOS DE PERSONAS CON DISCAPACIDAD"},"content":{"rendered":"<p>Zacatecas, Zac.- Con el firme compromiso de garantizar una pol\u00edtica incluyente y respetuosa, personal del Instituto Nacional Electoral (INE) imparti\u00f3 una importante capacitaci\u00f3n dirigida a secretarios y delegados de Movimiento Ciudadano, enfocada en la igualdad y la no discriminaci\u00f3n hacia las personas con discapacidad en el ejercicio de sus derechos pol\u00edticos y electorales.<\/p>\n<p>La jornada formativa tuvo como eje central el reconocimiento de la diversidad y la eliminaci\u00f3n de barreras que hist\u00f3ricamente han limitado la participaci\u00f3n pol\u00edtica de este sector. Durante la capacitaci\u00f3n se abordaron temas relacionados con accesibilidad, derechos humanos, lenguaje incluyente y pr\u00e1cticas que contribuyan a un entorno pol\u00edtico m\u00e1s abierto, democr\u00e1tico y respetuoso.<\/p>\n<p>El Coordinador Operativo Estatal de Movimiento Ciudadano, Juan del Real, destac\u00f3 que esta actividad representa un paso fundamental para consolidar un movimiento que no solo busca transformar la pol\u00edtica, sino tambi\u00e9n hacerla m\u00e1s humana y cercana a todas las personas, sin excepci\u00f3n.<br \/>\n\u201cEstamos convencidos de que la verdadera democracia se construye reconociendo y respetando la voz de todas y todos. La igualdad no debe ser un discurso, sino una pr\u00e1ctica diaria que se refleje en nuestras acciones y en cada decisi\u00f3n que tomamos como organizaci\u00f3n pol\u00edtica\u201d, subray\u00f3.<\/p>\n<p>Por su parte, Eliseo Ornelas Sandoval, enlace de las Personas con Capacidades Diferentes de Movimiento Ciudadano, reconoci\u00f3 que este tipo de capacitaciones son fundamentales para visibilizar las necesidades reales de este sector y para garantizar su plena participaci\u00f3n en la vida p\u00fablica. <\/p>\n<p>Se\u00f1al\u00f3 que Movimiento Naranja ha dado pasos firmes para abrir espacios de inclusi\u00f3n, demostrando que la diversidad fortalece y enriquece a la pol\u00edtica.<\/p>\n<p>Juan del Real se\u00f1al\u00f3 adem\u00e1s que la capacitaci\u00f3n del INE es un ejemplo del compromiso de Movimiento Ciudadano con la inclusi\u00f3n, pues permite a sus liderazgos contar con herramientas que fortalezcan la participaci\u00f3n plena de las personas con discapacidad en la vida pol\u00edtica. <\/p>\n<p>\u201cQueremos un Zacatecas donde nadie se quede atr\u00e1s, donde cada ciudadana y ciudadano encuentre en nosotros un espacio de respeto, libertad y oportunidades\u201d, puntualiz\u00f3.<\/p>\n<p>Con estas acciones, Movimiento Ciudadano reafirma su convicci\u00f3n de impulsar una nueva forma de hacer pol\u00edtica, construyendo un proyecto que reconozca la diversidad como fortaleza y que impulse la igualdad como pilar de una sociedad m\u00e1s justa y participativa.<\/p>\n","protected":false},"excerpt":{"rendered":"<p>Zacatecas, Zac.- Con el firme compromiso de garantizar una pol\u00edtica incluyente y respetuosa, personal del Instituto Nacional Electoral (INE) imparti\u00f3 una importante capacitaci\u00f3n dirigida a secretarios<span class=\"excerpt-hellip\"> [\u2026]<\/span><\/p>\n","protected":false},"author":2,"featured_media":16724,"comment_status":"open","ping_status":"open","sticky":false,"template":"","format":"standard","meta":{"footnotes":""},"categories":[8],"tags":[],"class_list":["post-16723","post","type-post","status-publish","format-standard","has-post-thumbnail","hentry","category-politica"],"_links":{"self":[{"href":"https:\/\/sientetupasion.com\/index.php\/wp-json\/wp\/v2\/posts\/16723","targetHints":{"allow":["GET"]}}],"collection":[{"href":"https:\/\/sientetupasion.com\/index.php\/wp-json\/wp\/v2\/posts"}],"about":[{"href":"https:\/\/sientetupasion.com\/index.php\/wp-json\/wp\/v2\/types\/post"}],"author":[{"embeddable":true,"href":"https:\/\/sientetupasion.com\/index.php\/wp-json\/wp\/v2\/users\/2"}],"replies":[{"embeddable":true,"href":"https:\/\/sientetupasion.com\/index.php\/wp-json\/wp\/v2\/comments?post=16723"}],"version-history":[{"count":1,"href":"https:\/\/sientetupasion.com\/index.php\/wp-json\/wp\/v2\/posts\/16723\/revisions"}],"predecessor-version":[{"id":16725,"href":"https:\/\/sientetupasion.com\/index.php\/wp-json\/wp\/v2\/posts\/16723\/revisions\/16725"}],"wp:featuredmedia":[{"embeddable":true,"href":"https:\/\/sientetupasion.com\/index.php\/wp-json\/wp\/v2\/media\/16724"}],"wp:attachment":[{"href":"https:\/\/sientetupasion.com\/index.php\/wp-json\/wp\/v2\/media?parent=16723"}],"wp:term":[{"taxonomy":"category","embeddable":true,"href":"https:\/\/sientetupasion.com\/index.php\/wp-json\/wp\/v2\/categories?post=16723"},{"taxonomy":"post_tag","embeddable":true,"href":"https:\/\/sientetupasion.com\/index.php\/wp-json\/wp\/v2\/tags?post=16723"}],"curies":[{"name":"wp","href":"https:\/\/api.w.org\/{rel}","templated":true}]}}