{"id":16417,"date":"2025-08-21T19:20:08","date_gmt":"2025-08-22T01:20:08","guid":{"rendered":"https:\/\/sientetupasion.com\/?p=16417"},"modified":"2025-08-21T19:20:08","modified_gmt":"2025-08-22T01:20:08","slug":"fuerza-naranja-se-fortalece-en-la-capital-toma-de-protesta-de-la-coordinacion-operativa-municipal-de-zacatecas","status":"publish","type":"post","link":"https:\/\/sientetupasion.com\/index.php\/2025\/08\/21\/fuerza-naranja-se-fortalece-en-la-capital-toma-de-protesta-de-la-coordinacion-operativa-municipal-de-zacatecas\/","title":{"rendered":"FUERZA NARANJA SE FORTALECE EN LA CAPITAL: TOMA DE PROTESTA DE LA COORDINACI\u00d3N OPERATIVA MUNICIPAL DE ZACATECAS"},"content":{"rendered":"<p>Zacatecas, Zac.\u2013 En la primera reuni\u00f3n de la Coordinaci\u00f3n Operativa Municipal de Zacatecas, el coordinador estatal, Juan del Real, tom\u00f3 protesta a mujeres y hombres comprometidos que asumen el reto de reforzar e incrementar la Fuerza Naranja en la capital.<\/p>\n<p>Encabezados por el Coordinador Operativo Municipal, Nefi Heriberto Rodr\u00edguez Rivera, qued\u00f3 integrado el \u00d3rgano de Direcci\u00f3n con:<\/p>\n<p>V\u00edctor Jes\u00fas Murillo Garay (Secretar\u00eda General de Acuerdos).<\/p>\n<p>Kassandra de Jes\u00fas Ortega Ram\u00edrez, Flor Ivonne Hern\u00e1ndez Guti\u00e9rrez, Melissa Rom\u00e1n Rom\u00e1n, Ma. Cristina Villegas Cuevas, Berenice Itzel Barrios Duarte, Roxana Schnaider Barbosa, Karla Mayte Hern\u00e1ndez Le\u00f3n, Rosa Evelia Ch\u00e1vez Garc\u00eda, Ren\u00e9 Mart\u00ednez Sosa, Alfredo Rivas Medina, Jes\u00fas Emanuel Nieto Gonz\u00e1lez, Jorge Alberto Rinc\u00f3n Rivera, Eric Alejandro Rodr\u00edguez Castro, Joshua Josafath Rivera Ram\u00edrez, Ra\u00fal Corvera Montalvo y Juan Carlos Castro Reveles (Vocales).<\/p>\n<p>El \u00d3rgano de Administraci\u00f3n qued\u00f3 conformado por:<\/p>\n<p>Zaid Vera Gir\u00f3n (Secretario de Organizaci\u00f3n y Acci\u00f3n Pol\u00edtica).<\/p>\n<p>Hugo C\u00e9sar Moreno Soto (Secretario de Asuntos Electorales).<\/p>\n<p>Emmanuel Reyes Ram\u00edrez (Secretario de Gesti\u00f3n Social).<\/p>\n<p>Juan Diego Gonz\u00e1lez Cabral (Secretario de Asuntos Jur\u00eddicos).<\/p>\n<p>Luis Eduardo Torres Palacios (Secretario de Propaganda y Distribuci\u00f3n).<\/p>\n<p>Gloria Denise R\u00edos Guti\u00e9rrez (Secretar\u00eda de Personas con Discapacidad).<\/p>\n<p>Yalil Rodr\u00edguez Garc\u00eda (Coordinador de Vinculaci\u00f3n con el Sector Empresarial).<\/p>\n<p>Norma Gonz\u00e1lez Guerra, Mar\u00eda Leticia Murillo Garay, Maryel M\u00e1rquez Alvarado, Pamela Zamira Rosales P\u00e9rez y Jazm\u00edn Flores Carlos (Coordinadoras de C\u00edrculos Ciudadanos).<\/p>\n<p>Andrea Robles Zorrilla (Delegada de J\u00f3venes en Movimiento).<\/p>\n<p>Salvador Quiroz Torres (Delegado de Cultura en Movimiento).<\/p>\n<p>Juan Francisco Santoyo Zapata (Delegado de la Diversidad Sexual y de G\u00e9nero).<\/p>\n<p>Durante su intervenci\u00f3n, Nefi Rodr\u00edguez Rivera destac\u00f3 que la \u00fanica encomienda de esta coordinaci\u00f3n ser\u00e1 trabajar en tierra, escuchando y representando las verdaderas causas ciudadanas, bajo la visi\u00f3n de Movimiento Ciudadano.<\/p>\n<p>En el evento tambi\u00e9n estuvieron presentes personalidades de gran relevancia: Tere Villegas, presidenta del Consejo Estatal; Tom\u00e1s Torres, secretario del Consejo; Oscar Ortiz, secretario de Acuerdos de la Coordinaci\u00f3n Operativa Estatal; las y los regidores Astrid Jayme Maga\u00f1a, David Garc\u00eda Lira y Laura Ruelas; el diputado naranja Marco Vinicio Flores y Paty Frausto, delegada de C\u00edrculos Ciudadanos.<\/p>\n<p>Con esta toma de protesta, la Fuerza Naranja reafirma su compromiso de construir desde Zacatecas Capital una alternativa ciudadana fuerte, cercana y comprometida con la gente.<\/p>\n","protected":false},"excerpt":{"rendered":"<p>Zacatecas, Zac.\u2013 En la primera reuni\u00f3n de la Coordinaci\u00f3n Operativa Municipal de Zacatecas, el coordinador estatal, Juan del Real, tom\u00f3 protesta a mujeres y hombres comprometidos<span class=\"excerpt-hellip\"> [\u2026]<\/span><\/p>\n","protected":false},"author":2,"featured_media":16419,"comment_status":"open","ping_status":"open","sticky":false,"template":"","format":"standard","meta":{"footnotes":""},"categories":[8],"tags":[],"class_list":["post-16417","post","type-post","status-publish","format-standard","has-post-thumbnail","hentry","category-politica"],"_links":{"self":[{"href":"https:\/\/sientetupasion.com\/index.php\/wp-json\/wp\/v2\/posts\/16417","targetHints":{"allow":["GET"]}}],"collection":[{"href":"https:\/\/sientetupasion.com\/index.php\/wp-json\/wp\/v2\/posts"}],"about":[{"href":"https:\/\/sientetupasion.com\/index.php\/wp-json\/wp\/v2\/types\/post"}],"author":[{"embeddable":true,"href":"https:\/\/sientetupasion.com\/index.php\/wp-json\/wp\/v2\/users\/2"}],"replies":[{"embeddable":true,"href":"https:\/\/sientetupasion.com\/index.php\/wp-json\/wp\/v2\/comments?post=16417"}],"version-history":[{"count":1,"href":"https:\/\/sientetupasion.com\/index.php\/wp-json\/wp\/v2\/posts\/16417\/revisions"}],"predecessor-version":[{"id":16420,"href":"https:\/\/sientetupasion.com\/index.php\/wp-json\/wp\/v2\/posts\/16417\/revisions\/16420"}],"wp:featuredmedia":[{"embeddable":true,"href":"https:\/\/sientetupasion.com\/index.php\/wp-json\/wp\/v2\/media\/16419"}],"wp:attachment":[{"href":"https:\/\/sientetupasion.com\/index.php\/wp-json\/wp\/v2\/media?parent=16417"}],"wp:term":[{"taxonomy":"category","embeddable":true,"href":"https:\/\/sientetupasion.com\/index.php\/wp-json\/wp\/v2\/categories?post=16417"},{"taxonomy":"post_tag","embeddable":true,"href":"https:\/\/sientetupasion.com\/index.php\/wp-json\/wp\/v2\/tags?post=16417"}],"curies":[{"name":"wp","href":"https:\/\/api.w.org\/{rel}","templated":true}]}}