{"id":16393,"date":"2025-08-21T14:40:03","date_gmt":"2025-08-21T20:40:03","guid":{"rendered":"https:\/\/sientetupasion.com\/?p=16393"},"modified":"2025-08-21T14:40:03","modified_gmt":"2025-08-21T20:40:03","slug":"destacan-a-mexico-como-ejemplo-en-la-lucha-contra-la-disminucion-de-la-pobreza","status":"publish","type":"post","link":"https:\/\/sientetupasion.com\/index.php\/2025\/08\/21\/destacan-a-mexico-como-ejemplo-en-la-lucha-contra-la-disminucion-de-la-pobreza\/","title":{"rendered":"Destacan a M\u00e9xico como ejemplo en la lucha contra la disminuci\u00f3n de la pobreza"},"content":{"rendered":"<div>\n<ul>\n<li><strong><em>Las pol\u00edticas p\u00fablicas han sido acertadas, pero es necesario garantizar que sean sostenibles, dijo Amalia Garc\u00eda.<\/em><\/strong><\/li>\n<\/ul>\n<p>&nbsp;<\/p>\n<p>La senadora Amalia Dolores Garc\u00eda Medina, presidenta de la Comisi\u00f3n Especial de Seguimiento para la Implementaci\u00f3n de la Agenda 2030, llam\u00f3 a garantizar una transformaci\u00f3n integral y de fondo para consolidar los avances que M\u00e9xico ha registrado en la disminuci\u00f3n de la pobreza.<\/p>\n<p>&nbsp;<\/p>\n<p>Durante el foro \u201cNuevas Perspectivas de los ODS sobre pobreza y desigualdad\u201d, la legisladora mencion\u00f3 que la Encuesta Nacional de Ingresos y Gasto de los Hogares, de reciente publicaci\u00f3n, muestra avances en las medidas para enfrentar la pobreza, con millones de mexicanos que han salido de la pobreza y pobreza extrema.<\/p>\n<p>&nbsp;<\/p>\n<p>Una de las razones para tal logro, destac\u00f3 Garc\u00eda Medina, es la pol\u00edtica que M\u00e9xico ha generado en torno al aumento sustancial del salario, adem\u00e1s de las transferencias de recursos en distintos programas sociales. Esto, dijo, es fundamental reconocerlo y se\u00f1alar que las pol\u00edticas p\u00fablicas han sido acertadas, pero al mismo tiempo, el reto es garantizar que sean sostenibles.<\/p>\n<p>&nbsp;<\/p>\n<p>Por otro lado, agreg\u00f3 que se requiere que millones de mexicanos dejen la informalidad, poner en el centro el trabajo digno y poner el acento en educaci\u00f3n universal de calidad y salud universal de calidad.<\/p>\n<p>&nbsp;<\/p>\n<p>Ello, apunt\u00f3, contribuir\u00e1 a un desarrollo sostenible consistente de largo plazo, que pueda sentar las bases para avanzar en lo que hoy ya se logr\u00f3 con una visi\u00f3n integral e incluir una visi\u00f3n que reconozca la diferencia de cada cual o transversal, porque entre los pobres las m\u00e1s pobres son las mujeres.<\/p>\n<p>&nbsp;<\/p>\n<p>La senadora Amalia Garc\u00eda indic\u00f3 que la CEPAL registr\u00f3 que M\u00e9xico obtuvo 45 mil millones de d\u00f3lares de inversi\u00f3n extranjera directa en 2024, un monto muy importante para influir en generaci\u00f3n de empleos, pero a pesar de esos esfuerzos la desigualdad sigue presente, con uno de cada tres hogares en situaci\u00f3n de pobreza extrema en Am\u00e9rica Latina y el Caribe.<\/p>\n<p>&nbsp;<\/p>\n<p>A\u00f1adi\u00f3 que la Encuesta de Movilidad Social en M\u00e9xico muestra patrones persistentes de estratificaci\u00f3n que limita la capacidad de las personas para ascender desde su posici\u00f3n de origen, por lo que es fundamental que se cambien estas condiciones para garantizar igualdad.<\/p>\n<p>En su intervenci\u00f3n, la presidenta de la Comisi\u00f3n de Relaciones Exteriores Asia-Pac\u00edfico, Yeidckol Polevnsky Gurwitz, refiri\u00f3 que el Banco Mundial inform\u00f3 en 2024 que M\u00e9xico fue el pa\u00eds con mayor reducci\u00f3n de la pobreza en Am\u00e9rica Latina y el Caribe, mientras que INEGI report\u00f3 que 13 millones 400 mil millones de mexicanos salieron de esa condici\u00f3n entre 2018 y 2024, dato que contrasta con los 15 millones que entraron entre 2006 a 2018.<\/p>\n<p>&nbsp;<\/p>\n<p>Lo anterior significa, subray\u00f3, que nuestro pa\u00eds pas\u00f3 de tener 51.9 millones de pobres en 2018 a 38.5 millones en 2024, \u201cpasamos del 43 por ciento al 29 por ciento\u201d.<\/p>\n<p>&nbsp;<\/p>\n<p>Indic\u00f3 que esa reducci\u00f3n puede explicarse principalmente por el incremento al salario m\u00ednimo, la implementaci\u00f3n de los programas sociales, as\u00ed como la eliminaci\u00f3n de la subcontrataci\u00f3n, aunque todav\u00eda persisten problemas en ese sentido \u201cmuy infames\u201d sobre todo en servicios de limpieza.<\/p>\n<p>&nbsp;<\/p>\n<p>Agreg\u00f3 que la tasa de pobreza multidimensional y por ingresos disminuy\u00f3 en 32 estados, la pobreza extrema se redujo a menos del dos por ciento en 13 estados. Con estos resultados, adelant\u00f3, M\u00e9xico tiene un panorama m\u00e1s alentador, pero las pol\u00edticas laborales y sociales deben poner en el centro el bienestar de las personas.<\/p>\n<p>&nbsp;<\/p>\n<p>En su intervenci\u00f3n, Peter Grohmann, coordinador residente de la Oficina de la ONU M\u00e9xico, mencion\u00f3 que luego de 10 a\u00f1os de la implementaci\u00f3n de la Agenda 2030, los avances globales de los Objetivos de Desarrollo Sostenible tienen luces y sombras con un 35 por ciento que va bien, lo cual, es importante considerando la pandemia por Covid-19, adem\u00e1s de los conflictos b\u00e9licos.<\/p>\n<p>Por otro lado, mencion\u00f3 que en el mundo una de cada 11 personas padece hambre, 800 millones viven en pobreza extrema y mil 120 millones en asentamientos informales o precarios, lo que perjudica m\u00e1s a mujeres, personas con discapacidad y comunidades hist\u00f3ricamente excluidas, adem\u00e1s de que muchos pa\u00edses est\u00e1n invirtiendo m\u00e1s en armas que en desarrollo.<\/p>\n<p>&nbsp;<\/p>\n<p>En ese escenario, destac\u00f3 que M\u00e9xico tiene avances en justicia social y reducci\u00f3n de la pobreza, y con \u201cpol\u00edticas acertadas\u201d se ha logrado un aumento sin precedente en el n\u00famero de personas que ya no son clasificadas como pobres o vulnerables.<\/p>\n<p>&nbsp;<\/p>\n<p>Los primeros c\u00e1lculos sugieren que al menos la mitad de estos avances se deben a la pol\u00edtica salarial, en segundo lugar, se deben a los programas sociales y a los servicios p\u00fablicos, manifest\u00f3.<\/p>\n<p>&nbsp;<\/p>\n<p>Dijo que un cambio fundamental y que debe ser usado como ejemplo para otros pa\u00edses es que se ha dejado de imponer a las personas m\u00e1s vulnerables condiciones para su acceso a los recursos p\u00fablicos, ya que hoy se busca garantizar los derechos y se ha buscado fortalecer al Estado para atender de manera directa a las personas m\u00e1s excluidas por g\u00e9nero, clase social, edad, etnicidad o color de piel.<\/p>\n<p>&nbsp;<\/p>\n<p>Sin embargo, entre los obst\u00e1culos mencion\u00f3 que, en materia de seguridad social, aunque existen avances, contin\u00faa como la carencia m\u00e1s alta en la pobreza multidimensional, y contin\u00faa el reto con la reducci\u00f3n de la pobreza extrema y en la poblaci\u00f3n ind\u00edgena, as\u00ed como el acceso a la salud.<\/p>\n<p>&nbsp;<\/p>\n<p>Ramiro L\u00f3pez Elizalde, subsecretario de Pol\u00edticas P\u00fablicas de Salud y Bienestar Poblacional de la Secretar\u00eda de Salud asegur\u00f3 que cumplir con los Objetivos de Desarrollo Sostenible no es un tr\u00e1mite burocr\u00e1tico, sino un acto de justicia y de humanidad, porque la inequidad \u201ces la mayor f\u00e1brica de enfermos que pueda existir, ya que debilita los cuerpos, erosiona la dignidad de las comunidades y condena a generaciones enteras a repetir un c\u00edrculo de dolor\u201d.<\/p>\n<p>&nbsp;<\/p>\n<p>Destac\u00f3 que de acuerdo con los datos que present\u00f3 el INEGI el pasado 13 de agosto, las pol\u00edticas impulsadas por el gobierno de M\u00e9xico desde el sexenio pasado, y hoy refrendadas por la presidenta Claudia Sheinbaum Pardo para reducir los \u00edndices de pobreza, est\u00e1n en el rumbo correcto.<\/p>\n<p>&nbsp;<\/p>\n<p>Es fundamental, dijo, garantizar el derecho a la seguridad social de 62 millones de personas, \u201cque sigue siendo un gran reto\u201d; que 44 millones de mexicanas y mexicanos accedan plenamente a servicios de salud; as\u00ed como apoyar a 18 millones de personas que presentan rezagos graves en su alimentaci\u00f3n de calidad.<\/p>\n<p>&nbsp;<\/p>\n<p>Acabar con la pobreza es una premisa de unidad nacional, ninguna fuerza pol\u00edtica y sector puede quedar al margen, pues no es tarea de un partido, ni de un sexenio, sino una misi\u00f3n de naci\u00f3n, y \u201csi algo debe unirnos, es la convicci\u00f3n de que ninguna ni\u00f1a o ni\u00f1o vuelva a dormir con hambre, que ning\u00fan adulto mayor deba decidir entre medicinas o comida, y que ninguna familia quede condenada a la enfermedad por haber nacido en la pobreza\u201d, puntualiz\u00f3.<\/p>\n<p>&nbsp;<\/p>\n<p>H\u00e9ctor Ochoa Moreno, director general del Secretariado Ejecutivo del Consejo Nacional de la Agenda 2030 para el Desarrollo Sostenible, dijo que las acciones para reducir las brechas de desigualdad deben guiarse por la inclusi\u00f3n, como una condici\u00f3n indispensable para que m\u00e1s personas sean part\u00edcipes del progreso y de una mejor calidad de vida reflejada en el acceso efectivo a derechos como la salud, educaci\u00f3n, vivienda y trabajo digno.<\/p>\n<p>&nbsp;<\/p>\n<p>La erradicaci\u00f3n de la pobreza y la reducci\u00f3n de las desigualdades -subray\u00f3-, son pilares fundamentales para que todas las personas puedan desarrollarse en igualdad de condiciones, porque un modelo que excluye o discrimina est\u00e1 destinado a ser fr\u00e1gil e inestable, porque debilita la capacidad de las comunidades para enfrentar de manera conjunta los desaf\u00edos.<\/p>\n<p>&nbsp;<\/p>\n<p>Rogelio G\u00f3mez Hermosillo, presidente ejecutivo de Acci\u00f3n Ciudadana Frente a la Pobreza, subray\u00f3 que, con la reducci\u00f3n significativa de la pobreza, M\u00e9xico cubre la primera parte del periodo de la Agenda 2030. \u201cQuedan 5 a\u00f1os, si uno traza la tendencia y se mantiene el ritmo de reducci\u00f3n de ese periodo, en principio, la primera parte de la meta puede ser alcanzada\u201d, a\u00f1adi\u00f3.<br \/>\nNo obstante, refiri\u00f3 que el INEGI tambi\u00e9n inform\u00f3 que el porcentaje poblacional que tiene por lo menos una carencia social (educaci\u00f3n, salud, vivienda, seguridad social o alimentaci\u00f3n) aument\u00f3 del 25 al 32 por ciento; para revertir esto, plante\u00f3 que debe haber un crecimiento econ\u00f3mico inclusivo, empleos formales y remuneraciones suficientes.<\/p>\n<p>&nbsp;<\/p>\n<p>El coordinador del Programa Universitario de Estudios del Desarrollo de la UNAM, Enrique Provencio Durazo, precis\u00f3 que la disminuci\u00f3n de la pobreza se debe, en parte, a las transferencias gubernamentales de programas sociales; sin embargo, consider\u00f3 que la eficiencia de esas transferencias es muy baja e incluso ha retrocedido, por lo que los porcentajes reportados de pobreza extrema pudieron ser a\u00fan m\u00e1s bajos.<\/p>\n<\/div>\n<ul class=\"pager pagenav\">\n<li class=\"previous\"><\/li>\n<\/ul>\n","protected":false},"excerpt":{"rendered":"<p>Las pol\u00edticas p\u00fablicas han sido acertadas, pero es necesario garantizar que sean sostenibles, dijo Amalia Garc\u00eda. &nbsp; La senadora Amalia Dolores Garc\u00eda Medina, presidenta de la<span class=\"excerpt-hellip\"> [\u2026]<\/span><\/p>\n","protected":false},"author":2,"featured_media":16394,"comment_status":"open","ping_status":"open","sticky":false,"template":"","format":"standard","meta":{"footnotes":""},"categories":[8],"tags":[],"class_list":["post-16393","post","type-post","status-publish","format-standard","has-post-thumbnail","hentry","category-politica"],"_links":{"self":[{"href":"https:\/\/sientetupasion.com\/index.php\/wp-json\/wp\/v2\/posts\/16393","targetHints":{"allow":["GET"]}}],"collection":[{"href":"https:\/\/sientetupasion.com\/index.php\/wp-json\/wp\/v2\/posts"}],"about":[{"href":"https:\/\/sientetupasion.com\/index.php\/wp-json\/wp\/v2\/types\/post"}],"author":[{"embeddable":true,"href":"https:\/\/sientetupasion.com\/index.php\/wp-json\/wp\/v2\/users\/2"}],"replies":[{"embeddable":true,"href":"https:\/\/sientetupasion.com\/index.php\/wp-json\/wp\/v2\/comments?post=16393"}],"version-history":[{"count":1,"href":"https:\/\/sientetupasion.com\/index.php\/wp-json\/wp\/v2\/posts\/16393\/revisions"}],"predecessor-version":[{"id":16395,"href":"https:\/\/sientetupasion.com\/index.php\/wp-json\/wp\/v2\/posts\/16393\/revisions\/16395"}],"wp:featuredmedia":[{"embeddable":true,"href":"https:\/\/sientetupasion.com\/index.php\/wp-json\/wp\/v2\/media\/16394"}],"wp:attachment":[{"href":"https:\/\/sientetupasion.com\/index.php\/wp-json\/wp\/v2\/media?parent=16393"}],"wp:term":[{"taxonomy":"category","embeddable":true,"href":"https:\/\/sientetupasion.com\/index.php\/wp-json\/wp\/v2\/categories?post=16393"},{"taxonomy":"post_tag","embeddable":true,"href":"https:\/\/sientetupasion.com\/index.php\/wp-json\/wp\/v2\/tags?post=16393"}],"curies":[{"name":"wp","href":"https:\/\/api.w.org\/{rel}","templated":true}]}}