{"id":16024,"date":"2025-08-18T15:27:30","date_gmt":"2025-08-18T21:27:30","guid":{"rendered":"https:\/\/sientetupasion.com\/?p=16024"},"modified":"2025-08-18T15:27:30","modified_gmt":"2025-08-18T21:27:30","slug":"ulises-mejia-haro-presenta-iniciativa-para-fortalecer-a-los-pequenos-comercios","status":"publish","type":"post","link":"https:\/\/sientetupasion.com\/index.php\/2025\/08\/18\/ulises-mejia-haro-presenta-iniciativa-para-fortalecer-a-los-pequenos-comercios\/","title":{"rendered":"ULISES MEJ\u00cdA HARO PRESENTA INICIATIVA PARA FORTALECER A LOS PEQUE\u00d1OS COMERCIOS"},"content":{"rendered":"<p>Fresnillo, Zac., a 18 de agosto de 2025.\u2013<br \/>\nEn el municipio de Fresnillo, el diputado federal por Morena, Ulises Mej\u00eda Haro, encabez\u00f3 una nueva edici\u00f3n de La Legislativa, un espacio de di\u00e1logo con los medios de comunicaci\u00f3n para compartir los avances legislativos y el trabajo que se realiza en la C\u00e1mara de Diputados.<\/p>\n<p>Durante su intervenci\u00f3n, resalt\u00f3 la importancia de fortalecer a las micro, peque\u00f1as y medianas empresas, al ser las principales generadoras de empleo en M\u00e9xico. Explic\u00f3 que present\u00f3 una iniciativa para reformar la Ley de Competitividad de las MiPymes, con el prop\u00f3sito de ampliar sus oportunidades de financiamiento, estimular la innovaci\u00f3n y garantizar un entorno m\u00e1s justo para su desarrollo.<\/p>\n<p>El legislador subray\u00f3 que este esfuerzo se suma al proyecto de naci\u00f3n que impulsa la presidenta Claudia Sheinbaum Pardo, orientado a consolidar un crecimiento econ\u00f3mico con justicia social y mejores condiciones de vida para las familias mexicanas.<\/p>\n<p>Ulises Mej\u00eda Haro agradeci\u00f3 la disposici\u00f3n de los medios de comunicaci\u00f3n en Fresnillo y reiter\u00f3 que continuar\u00e1 recorriendo los municipios para escuchar a la ciudadan\u00eda y rendir cuentas de manera directa.<\/p>\n<p>Finalmente, extendi\u00f3 una invitaci\u00f3n a la ciudadan\u00eda para acompa\u00f1arlo en la presentaci\u00f3n de su Primer Informe de Actividades Legislativas, que se llevar\u00e1 a cabo el pr\u00f3ximo domingo 24 de agosto a las 12:00 horas en el Teatro Fernando Calder\u00f3n, un acto republicano para rendir cuentas a la sociedad y reafirmar el compromiso con el Humanismo Mexicano.<\/p>\n","protected":false},"excerpt":{"rendered":"<p>Fresnillo, Zac., a 18 de agosto de 2025.\u2013 En el municipio de Fresnillo, el diputado federal por Morena, Ulises Mej\u00eda Haro, encabez\u00f3 una nueva edici\u00f3n de<span class=\"excerpt-hellip\"> [\u2026]<\/span><\/p>\n","protected":false},"author":2,"featured_media":16025,"comment_status":"open","ping_status":"open","sticky":false,"template":"","format":"standard","meta":{"footnotes":""},"categories":[8],"tags":[],"class_list":["post-16024","post","type-post","status-publish","format-standard","has-post-thumbnail","hentry","category-politica"],"_links":{"self":[{"href":"https:\/\/sientetupasion.com\/index.php\/wp-json\/wp\/v2\/posts\/16024","targetHints":{"allow":["GET"]}}],"collection":[{"href":"https:\/\/sientetupasion.com\/index.php\/wp-json\/wp\/v2\/posts"}],"about":[{"href":"https:\/\/sientetupasion.com\/index.php\/wp-json\/wp\/v2\/types\/post"}],"author":[{"embeddable":true,"href":"https:\/\/sientetupasion.com\/index.php\/wp-json\/wp\/v2\/users\/2"}],"replies":[{"embeddable":true,"href":"https:\/\/sientetupasion.com\/index.php\/wp-json\/wp\/v2\/comments?post=16024"}],"version-history":[{"count":1,"href":"https:\/\/sientetupasion.com\/index.php\/wp-json\/wp\/v2\/posts\/16024\/revisions"}],"predecessor-version":[{"id":16026,"href":"https:\/\/sientetupasion.com\/index.php\/wp-json\/wp\/v2\/posts\/16024\/revisions\/16026"}],"wp:featuredmedia":[{"embeddable":true,"href":"https:\/\/sientetupasion.com\/index.php\/wp-json\/wp\/v2\/media\/16025"}],"wp:attachment":[{"href":"https:\/\/sientetupasion.com\/index.php\/wp-json\/wp\/v2\/media?parent=16024"}],"wp:term":[{"taxonomy":"category","embeddable":true,"href":"https:\/\/sientetupasion.com\/index.php\/wp-json\/wp\/v2\/categories?post=16024"},{"taxonomy":"post_tag","embeddable":true,"href":"https:\/\/sientetupasion.com\/index.php\/wp-json\/wp\/v2\/tags?post=16024"}],"curies":[{"name":"wp","href":"https:\/\/api.w.org\/{rel}","templated":true}]}}