{"id":16017,"date":"2025-08-18T12:37:58","date_gmt":"2025-08-18T18:37:58","guid":{"rendered":"https:\/\/sientetupasion.com\/?p=16017"},"modified":"2025-08-18T12:37:58","modified_gmt":"2025-08-18T18:37:58","slug":"hay-quienes-quisieran-verme-fuera-de-morena-saul-monreal","status":"publish","type":"post","link":"https:\/\/sientetupasion.com\/index.php\/2025\/08\/18\/hay-quienes-quisieran-verme-fuera-de-morena-saul-monreal\/","title":{"rendered":"HAY QUIENES QUISIERAN VERME  FUERA DE MORENA: SA\u00daL MONREAL"},"content":{"rendered":"<p>Todav\u00eda pueden pasar muchas cosas, vamos<br \/>\na esperar a que se pongan de acuerdo los<br \/>\ndirigentes nacionales de MORENA, PVEM y<br \/>\nPT; \u201cNos estamos preparando para dar el<br \/>\ndebate en la reforma electoral\u201d, anunci\u00f3 el<br \/>\nsenador zacatecano, de Puebla del Palmar.<\/p>\n<p>ZACATECAS, ZAC.- Sa\u00fal Monreal \u00c1vila, senador de la Rep\u00fablica respondi\u00f3 con toda contundencia a sus adversarios dentro de MORENA: \u201cHay alguna mustia por ah\u00ed y algunos militantes que quisieran verme fuera del partido, pero, se les olvida que nosotros somos fundadores, que llegamos mucho antes de los que ahora vociferan sin ton ni son, su ignorancia es tal, que no saben que tenemos varias encomiendas que atender de la presidenta de M\u00e9xico, la doctora Claudia Sheinbaum Pardo, por eso y por mucho m\u00e1s, estamos recorriendo el estado\u201d.<br \/>\n\u201cNuestra presidenta, entre otras cosas, nos pidi\u00f3 que quiere ver a legisladores (as) en territorio, no de escritorio, por eso, nos hemos dedicado a recorrer el Estado para informar sobre lo que estamos haciendo de trabajo legislativo en favor de M\u00e9xico, en favor de nuestra entidad\u201d, abund\u00f3 el senador Monreal.<br \/>\nLo anterior se presenta, ya dentro del marco, de la sucesi\u00f3n que vivir\u00e1 Zacatecas en el 2027 y, que, ven a Sa\u00fal Monreal \u00c1vila compitiendo por otro partido que no sea MORENA. \u201cMuchas cosas van a pasar, nada est\u00e1 escrito, acu\u00e9rdense como mi partido y el PVEM fueron solos en la capital en 2024, sin el PT, hay que esperar los tiempos, pero, est\u00e1 claro que dependemos de los acuerdos que hagan los dirigentes nacionales de los partidos, la realidad, es que, por ahora nos vamos a concentrar en la reforma electoral y, eso tambi\u00e9n aclarar\u00e1 las dudas que ahora rondan en la opini\u00f3n, en los medios de comunicaci\u00f3n\u201d.<\/p>\n<p>NOS ESTAMOS PREPARANDO<br \/>\nEn otro orden de ideas, adelant\u00f3 Monreal \u00c1vila, \u201cen estos momentos nos estamos preparando para lo que ser\u00e1 la reforma electoral que apoyamos en todas sus letras, porque es una iniciativa impulsada por la doctora Sheinbaum, lo que nos queda como senadores es dar la discusi\u00f3n frente a una oposici\u00f3n, en especial, el PRIAN que seguramente caer\u00e1 en c\u00f3lera\u201d.<br \/>\n\u201cUna vez que llegue la iniciativa a las c\u00e1maras seremos receptivos para interpretar correctamente el esp\u00edritu de lo que busca la reforma electoral, vendr\u00e1n los grandes debates tanto en C\u00e1mara de Diputados como en la C\u00e1mara de Senadores y, ah\u00ed estaremos como senadores para respaldar y defender la reforma que, nos tenemos duda de que ser\u00e1 de avanzada.<br \/>\nAdelant\u00f3, el senador zacatecano que, cierto es, que el experimentado Pablo G\u00f3mez \u00c1lvarez est\u00e1 al frente de la Comisi\u00f3n Redactora de la iniciativa, pero, al final del d\u00eda, tendr\u00e1 que traer los consensos y la aprobaci\u00f3n de las dos c\u00e1maras, porque estamos ante una reforma constitucional, no adelantemos las cosas, hay que esperar la iniciativa y, tal vez en enero de 2026 ya estaremos en la discusi\u00f3n de la iniciativa\u201d.<\/p>\n<p>SE REDUJO LA POBREZA<br \/>\nPor otro lado, el joven pol\u00edtico fresnillense, aprovech\u00f3 su tradicional conferencia, para reconocer el esfuerzo del movimiento, del Gobierno de M\u00e9xico, a trav\u00e9s de las pol\u00edticas p\u00fablicas del expresidente Andr\u00e9s Manuel L\u00f3pez Obrador y de la doctora, Claudia Sheinbaum Pardo para reducir las brechas de la desigualdad, a trav\u00e9s de mejores salarios y programas sociales, entre otras cosas.<br \/>\n\u201cEstamos ante una noticia importante, es gratificante saber lo que inform\u00f3 el INEGI, de que 13.4 millones de mexicanos (as) hayan salido de la pobreza, insistir, estamos ante una noticia hist\u00f3rica, pero, es fundamental no bajar la guardia para continuar apoyando a la gente m\u00e1s vulnerable\u201d<\/p>\n<p>INVITA A LA CARRERA DE BRACHO<br \/>\nFinalmente, el senador de Puebla del Palmar, Sa\u00fal Monreal \u00c1vila hizo la invitaci\u00f3n para la Carrera Atl\u00e9tica de Bracho que se desarrollar\u00e1 el domingo 24 de agosto, a las 7:30 de la ma\u00f1ana, justamente, en los per\u00edmetros de las Lomas de Bracho que est\u00e1n por comenzar sus fiestas patronales. \u201cUstedes saben que siempre hemos apoyado al deporte, cuando se puede a los deportistas, por eso quiero invitarlos a esta carrera.<\/p>\n","protected":false},"excerpt":{"rendered":"<p>Todav\u00eda pueden pasar muchas cosas, vamos a esperar a que se pongan de acuerdo los dirigentes nacionales de MORENA, PVEM y PT; \u201cNos estamos preparando para<span class=\"excerpt-hellip\"> [\u2026]<\/span><\/p>\n","protected":false},"author":2,"featured_media":16018,"comment_status":"open","ping_status":"open","sticky":false,"template":"","format":"standard","meta":{"footnotes":""},"categories":[8],"tags":[],"class_list":["post-16017","post","type-post","status-publish","format-standard","has-post-thumbnail","hentry","category-politica"],"_links":{"self":[{"href":"https:\/\/sientetupasion.com\/index.php\/wp-json\/wp\/v2\/posts\/16017","targetHints":{"allow":["GET"]}}],"collection":[{"href":"https:\/\/sientetupasion.com\/index.php\/wp-json\/wp\/v2\/posts"}],"about":[{"href":"https:\/\/sientetupasion.com\/index.php\/wp-json\/wp\/v2\/types\/post"}],"author":[{"embeddable":true,"href":"https:\/\/sientetupasion.com\/index.php\/wp-json\/wp\/v2\/users\/2"}],"replies":[{"embeddable":true,"href":"https:\/\/sientetupasion.com\/index.php\/wp-json\/wp\/v2\/comments?post=16017"}],"version-history":[{"count":1,"href":"https:\/\/sientetupasion.com\/index.php\/wp-json\/wp\/v2\/posts\/16017\/revisions"}],"predecessor-version":[{"id":16019,"href":"https:\/\/sientetupasion.com\/index.php\/wp-json\/wp\/v2\/posts\/16017\/revisions\/16019"}],"wp:featuredmedia":[{"embeddable":true,"href":"https:\/\/sientetupasion.com\/index.php\/wp-json\/wp\/v2\/media\/16018"}],"wp:attachment":[{"href":"https:\/\/sientetupasion.com\/index.php\/wp-json\/wp\/v2\/media?parent=16017"}],"wp:term":[{"taxonomy":"category","embeddable":true,"href":"https:\/\/sientetupasion.com\/index.php\/wp-json\/wp\/v2\/categories?post=16017"},{"taxonomy":"post_tag","embeddable":true,"href":"https:\/\/sientetupasion.com\/index.php\/wp-json\/wp\/v2\/tags?post=16017"}],"curies":[{"name":"wp","href":"https:\/\/api.w.org\/{rel}","templated":true}]}}