{"id":15383,"date":"2025-07-29T04:24:44","date_gmt":"2025-07-29T10:24:44","guid":{"rendered":"https:\/\/sientetupasion.com\/?p=15383"},"modified":"2025-07-29T04:24:44","modified_gmt":"2025-07-29T10:24:44","slug":"espacio-cultura-san-lazaro-inaugura-el-programa-cuentacuentos-de-verano-2025","status":"publish","type":"post","link":"https:\/\/sientetupasion.com\/index.php\/2025\/07\/29\/espacio-cultura-san-lazaro-inaugura-el-programa-cuentacuentos-de-verano-2025\/","title":{"rendered":"Espacio Cultura San L\u00e1zaro inaugura el Programa Cuentacuentos de Verano 2025"},"content":{"rendered":"<p>Espacio Cultura San L\u00e1zaro inaugura el Programa Cuentacuentos de Verano 2025<\/p>\n<p>\u2022 Es un d\u00eda para dejar volar la imaginaci\u00f3n y explorar mundos que no necesitan maletas ni pasaportes: diputada L\u00f3pez Orozco<\/p>\n<p>Como parte de la agenda cultural de la C\u00e1mara de Diputados, el Espacio Cultura San L\u00e1zaro, que dirige el maestro El\u00edas Robles Andrade, inaugur\u00f3 este lunes el Programa Cuentacuentos de Verano 2025 \u201cCu\u00e9ntamelo\u201d, dirigido especialmente a ni\u00f1as y ni\u00f1os, para que a partir de la lectura de cuentos, juegos e imaginaci\u00f3n, sean part\u00edcipes y creadores de nuevas historias.<\/p>\n<p>El programa es impulsado por el presidente de la Junta de Coordinaci\u00f3n Pol\u00edtica, diputado Ricardo Monreal \u00c1vila, la Mesa Directiva, as\u00ed como por las secretar\u00edas General y de Servicios Administrativos y Financieros, e impartido por Alexandra Heres Miranda, promotora de lectura infantil en redes sociales.<\/p>\n<p>Al dar la bienvenida, la diputada Diana Isela L\u00f3pez Orozco (Morena), dijo estar emocionada por inaugurar este festival de cuentacuentos, donde las historias cobran vida y la imaginaci\u00f3n volar\u00e1 sin l\u00edmites; \u201ces un d\u00eda para dejar volar la imaginaci\u00f3n y explorar mundos que no necesitan maletas ni pasaportes\u201d.<\/p>\n<p>Es momento &#8211;dijo&#8211; de abrir las puertas a dragones amigables, selvas misteriosas, planetas encantados y aventuras inolvidables, todo eso gracias a algo que parece sencillo pero que es poderos\u00edsimo: la lectura.<\/p>\n<p>Precis\u00f3 que cuando abrimos un libro no solo vemos letras y dibujos, sino la puerta a un mundo de aventuras donde podemos viajar a tierras lejanas, conocer personajes fant\u00e1sticos como robots, animales que hablan, explorar galaxias, bucear en el oc\u00e9ano o, incluso, volar en una alfombra m\u00e1gica, sin movernos de nuestro asiento.<\/p>\n<p>Ante decenas de ni\u00f1as, ni\u00f1os, padres de familia y amigos, asever\u00f3 que leer no solo nos ense\u00f1a palabras, sino a so\u00f1ar, invita a crear, sentir y entender que dentro de cada uno de nosotros vive un universo entero esperando ser descubierto, pues con cada historia que escuchamos nuestra imaginaci\u00f3n crece como si le di\u00e9ramos agua y luz a una semilla m\u00e1gica que vive en nuestro coraz\u00f3n.<\/p>\n<p>Se\u00f1al\u00f3 que este evento celebra la maravilla de narrar y escuchar, pero sobre todo la capacidad que tienen las historias para unirnos, hacer re\u00edr, pensar, emocionar y ense\u00f1ar que todos podemos ser h\u00e9roes, exploradores o inventores de lo imposible.<\/p>\n<p>Por ello, invit\u00f3 a los asistentes a sumergirse en cada cuento que escuchen, poner atenci\u00f3n y dejar que las palabras los transporten, pero sobre todo dejar que su imaginaci\u00f3n vuele tan alto como las estrellas. \u201cQue empiece la magia, disfruten cada d\u00eda y cada historia, que este festival los inspire a leer, a so\u00f1ar y a crear sin parar\u201d, concluy\u00f3.<\/p>\n<p>A su vez, la secretaria de Servicios Administrativos y Financieros de la C\u00e1mara de Diputados, Aliza Chelminsky, apunt\u00f3 que el Programa de Cuentacuentos que inicia este lunes fue creado especialmente para ni\u00f1as y ni\u00f1os dispuestos a emprender un viaje extraordinario a trav\u00e9s de la imaginaci\u00f3n.<\/p>\n<p>Destac\u00f3 que este proyecto nace con un prop\u00f3sito muy claro, que es el de ofrecer durante el periodo vacacional un espacio donde las historias que se narran en los libros y en los cuentos permitan descubrir nuevos mundos y, sobre todo, animen a ni\u00f1os y ni\u00f1as a crear sus propios cuentos.<\/p>\n<p>Quiero que sepan \u2013agreg\u00f3&#8211; que cada uno de ustedes tiene una voz \u00fanica, llena de ideas, sue\u00f1os y narraciones para compartir; por ello, celebramos que est\u00e9n participando ni\u00f1os cuyos padres trabajan en la C\u00e1mara de Diputados, as\u00ed como menores de comunidades externas.<\/p>\n<p>Indic\u00f3 que esto refleja el sentido del Programa Cultural que se lleva a cabo en San L\u00e1zaro, donde cada semana se realizan diferentes eventos que buscan atraer a la comunidad para que acompa\u00f1en y hagan suya las instalaciones, ya que se tendr\u00e1n cuatro sesiones de cuentos, juegos, imaginaci\u00f3n y creatividad, donde los protagonistas ser\u00e1n los propios ni\u00f1os y ni\u00f1as, a quienes invit\u00f3 a vivir esta historia y permitir que los sue\u00f1os los lleven tan lejos como se permita.<\/p>\n<p>Previamente, la doctora Tania Hern\u00e1ndez Cervantes, integrante del Espacio Cultural San L\u00e1zaro, anunci\u00f3 que al final de este Programa se grabar\u00e1 a las ni\u00f1as y ni\u00f1os que quieran participar en la lectura de un cuento frente a las c\u00e1maras, previa autorizaci\u00f3n de sus padres o tutor, que ser\u00e1 transmitido el pr\u00f3ximo 8 de agosto.<\/p>\n<p>Mencion\u00f3 que este lunes se desarroll\u00f3 una de las cuatro sesiones del Programa de Cuentacuentos y cada una contar\u00e1 con historias, cuentos y din\u00e1micas diferentes y pr\u00f3ximamente se contar\u00e1 con la presencia de una escritora de cuentos infantiles.<\/p>\n<p>Por su parte, la cuentacuentos Alexandra Heres narr\u00f3 de manera din\u00e1mica las historias de algunas de las primeras mujeres mexicanas que han sido reconocidas a nivel mundial, como la de Carmen Victoria P\u00e9rez Chaidez, primera mujer astronauta.<\/p>\n<p>De igual forma, aludi\u00f3 a Matilde Petra Montoya Lafragua, primera mujer mexicana en alcanzar el grado de m\u00e9dico, seguida de la cantante de regional mexicano Lola Beltr\u00e1n y, finalmente, cerr\u00f3 con la vida de la pintora Frida Khalo, cuyas historias se encuentran en el libro \u201cHab\u00eda una vez mexicanas que hicieron historia\u201d, del autor Pedro Jos\u00e9 Fern\u00e1ndez Nore\u00f1a.<\/p>\n<p>El Programa Cuentacuentos de Verano 2025 \u201cCu\u00e9ntamelo\u201d se llevar\u00e1 a cabo los d\u00edas 28 y 29 de julio, as\u00ed como 7 y 8 de agosto, en un horario de 12:00 a 13:30 horas, en el Patio Sur, Edificio \u201cA\u201d, del Palacio Legislativo de San L\u00e1zaro.<\/p>\n","protected":false},"excerpt":{"rendered":"<p>Espacio Cultura San L\u00e1zaro inaugura el Programa Cuentacuentos de Verano 2025 \u2022 Es un d\u00eda para dejar volar la imaginaci\u00f3n y explorar mundos que no necesitan<span class=\"excerpt-hellip\"> [\u2026]<\/span><\/p>\n","protected":false},"author":2,"featured_media":15384,"comment_status":"open","ping_status":"open","sticky":false,"template":"","format":"standard","meta":{"footnotes":""},"categories":[8],"tags":[],"class_list":["post-15383","post","type-post","status-publish","format-standard","has-post-thumbnail","hentry","category-politica"],"_links":{"self":[{"href":"https:\/\/sientetupasion.com\/index.php\/wp-json\/wp\/v2\/posts\/15383","targetHints":{"allow":["GET"]}}],"collection":[{"href":"https:\/\/sientetupasion.com\/index.php\/wp-json\/wp\/v2\/posts"}],"about":[{"href":"https:\/\/sientetupasion.com\/index.php\/wp-json\/wp\/v2\/types\/post"}],"author":[{"embeddable":true,"href":"https:\/\/sientetupasion.com\/index.php\/wp-json\/wp\/v2\/users\/2"}],"replies":[{"embeddable":true,"href":"https:\/\/sientetupasion.com\/index.php\/wp-json\/wp\/v2\/comments?post=15383"}],"version-history":[{"count":1,"href":"https:\/\/sientetupasion.com\/index.php\/wp-json\/wp\/v2\/posts\/15383\/revisions"}],"predecessor-version":[{"id":15385,"href":"https:\/\/sientetupasion.com\/index.php\/wp-json\/wp\/v2\/posts\/15383\/revisions\/15385"}],"wp:featuredmedia":[{"embeddable":true,"href":"https:\/\/sientetupasion.com\/index.php\/wp-json\/wp\/v2\/media\/15384"}],"wp:attachment":[{"href":"https:\/\/sientetupasion.com\/index.php\/wp-json\/wp\/v2\/media?parent=15383"}],"wp:term":[{"taxonomy":"category","embeddable":true,"href":"https:\/\/sientetupasion.com\/index.php\/wp-json\/wp\/v2\/categories?post=15383"},{"taxonomy":"post_tag","embeddable":true,"href":"https:\/\/sientetupasion.com\/index.php\/wp-json\/wp\/v2\/tags?post=15383"}],"curies":[{"name":"wp","href":"https:\/\/api.w.org\/{rel}","templated":true}]}}