{"id":15267,"date":"2025-07-28T13:25:44","date_gmt":"2025-07-28T19:25:44","guid":{"rendered":"https:\/\/sientetupasion.com\/?p=15267"},"modified":"2025-07-28T13:25:44","modified_gmt":"2025-07-28T19:25:44","slug":"convoca-red-de-jovenes-por-mexico-a-los-galardones-primero-de-acero-2025","status":"publish","type":"post","link":"https:\/\/sientetupasion.com\/index.php\/2025\/07\/28\/convoca-red-de-jovenes-por-mexico-a-los-galardones-primero-de-acero-2025\/","title":{"rendered":"CONVOCA RED DE JOVENES POR MEXICO A LOS GALARDONES &#8220;PRIMERO DE ACERO 2025&#8221;."},"content":{"rendered":"<p>La Red de J\u00f3venes por M\u00e9xico en Zacatecas, convoca a todas y todos los j\u00f3venes pri\u00edstas que destacan por su liderazgo, compromiso social y amor por su comunidad, a participar en los Galardones,u Primero de Acero 2025.<\/p>\n<p>Se trata de un evento de gala para reconocer a quienes con trabajo, pasi\u00f3n y entrega, construyen un mejor Zacatecas , desde el priismo joven.<\/p>\n<p>Esta convocatoria contempla 15 categor\u00edas y entre ellas est\u00e1n: El Joven Revolucionario; Impulso a la Comunidad; Liderazgo Estudiantil; Deportistas; Planeta Primero, por su labor en la protecci\u00f3n ecol\u00f3gica y sostenibilidad; Voz Privilegiada, por su fuerza para defender ideas.<\/p>\n<p>Tambi\u00e9n est\u00e1n: Empresarios del Futuro, Territorial, por su trabajo cercano a las estructuras del PRI; EL m\u00e1s Activo; Protagonista Digital; Trayectoria Revolucionaria; Zacatecanos de ida y Vuelta; Primero el  Coraz\u00f3n, por ayudar desinteresadamente a quienes m\u00e1s lo necesitan; Expresi\u00f3n Art\u00edstica y Labores de Ense\u00f1anza, para aquellos que tiene logros en su labor de ense\u00f1anza a las nuevas generaciones.<\/p>\n<p>El evento tendr\u00e1 verificativo el pr\u00f3ximo martes 14 de agosto, a las 18 horas, en la Casa de Cultura de Zacatecas.<\/p>\n<p>Entre los requisitos destaca tener entre 15 y 35 a\u00f1os cumplidos, ser militante o simpatizante del PRI, ser nominado y votado a trav\u00e9s de la cuenta oficial Instagram:@lared_zacatecas.<\/p>\n","protected":false},"excerpt":{"rendered":"<p>La Red de J\u00f3venes por M\u00e9xico en Zacatecas, convoca a todas y todos los j\u00f3venes pri\u00edstas que destacan por su liderazgo, compromiso social y amor por<span class=\"excerpt-hellip\"> [\u2026]<\/span><\/p>\n","protected":false},"author":2,"featured_media":15268,"comment_status":"open","ping_status":"open","sticky":false,"template":"","format":"standard","meta":{"footnotes":""},"categories":[8],"tags":[],"class_list":["post-15267","post","type-post","status-publish","format-standard","has-post-thumbnail","hentry","category-politica"],"_links":{"self":[{"href":"https:\/\/sientetupasion.com\/index.php\/wp-json\/wp\/v2\/posts\/15267","targetHints":{"allow":["GET"]}}],"collection":[{"href":"https:\/\/sientetupasion.com\/index.php\/wp-json\/wp\/v2\/posts"}],"about":[{"href":"https:\/\/sientetupasion.com\/index.php\/wp-json\/wp\/v2\/types\/post"}],"author":[{"embeddable":true,"href":"https:\/\/sientetupasion.com\/index.php\/wp-json\/wp\/v2\/users\/2"}],"replies":[{"embeddable":true,"href":"https:\/\/sientetupasion.com\/index.php\/wp-json\/wp\/v2\/comments?post=15267"}],"version-history":[{"count":1,"href":"https:\/\/sientetupasion.com\/index.php\/wp-json\/wp\/v2\/posts\/15267\/revisions"}],"predecessor-version":[{"id":15269,"href":"https:\/\/sientetupasion.com\/index.php\/wp-json\/wp\/v2\/posts\/15267\/revisions\/15269"}],"wp:featuredmedia":[{"embeddable":true,"href":"https:\/\/sientetupasion.com\/index.php\/wp-json\/wp\/v2\/media\/15268"}],"wp:attachment":[{"href":"https:\/\/sientetupasion.com\/index.php\/wp-json\/wp\/v2\/media?parent=15267"}],"wp:term":[{"taxonomy":"category","embeddable":true,"href":"https:\/\/sientetupasion.com\/index.php\/wp-json\/wp\/v2\/categories?post=15267"},{"taxonomy":"post_tag","embeddable":true,"href":"https:\/\/sientetupasion.com\/index.php\/wp-json\/wp\/v2\/tags?post=15267"}],"curies":[{"name":"wp","href":"https:\/\/api.w.org\/{rel}","templated":true}]}}