{"id":15165,"date":"2025-07-26T03:59:49","date_gmt":"2025-07-26T09:59:49","guid":{"rendered":"https:\/\/sientetupasion.com\/?p=15165"},"modified":"2025-07-26T03:59:49","modified_gmt":"2025-07-26T09:59:49","slug":"la-comision-de-igualdad-de-genero-informo-que-el-segundo-foro-parlamentario-de-america-latina-y-el-caribe-se-realizara-el-11-de-agosto","status":"publish","type":"post","link":"https:\/\/sientetupasion.com\/index.php\/2025\/07\/26\/la-comision-de-igualdad-de-genero-informo-que-el-segundo-foro-parlamentario-de-america-latina-y-el-caribe-se-realizara-el-11-de-agosto\/","title":{"rendered":"La Comisi\u00f3n de Igualdad de G\u00e9nero inform\u00f3 que el segundo foro parlamentario de Am\u00e9rica Latina y el Caribe se realizar\u00e1 el 11 de agosto"},"content":{"rendered":"<p align=\"justify\">Tendr\u00e1 como sede la C\u00e1mara de Diputados, en el marco de la XVI Conferencia Regional sobre la Mujer\n<\/p>\n<p align=\"justify\">\nLa diputada Anais Miriam Burgos Hern\u00e1ndez (Morena), presidenta de la Comisi\u00f3n de Igualdad de G\u00e9nero, dio a conocer los avances sobre el segundo Foro Parlamentario de Am\u00e9rica Latina y el Caribe, en el marco de la XVI Conferencia Regional sobre la Mujer, que tendr\u00e1 lugar el pr\u00f3ximo 11 de agosto en la C\u00e1mara de Diputados.<\/p>\n<p align=\"justify\"><iframe loading=\"lazy\" class=\"note-video-clip\" src=\"https:\/\/www.youtube.com\/embed\/jFWDi9YMtB0\" width=\"640\" height=\"360\" frameborder=\"0\" data-mce-fragment=\"1\"><\/iframe><\/p>\n<p>En reuni\u00f3n ordinaria semipresencial, se\u00f1al\u00f3 que este foro es coorganizado por la Comisi\u00f3n Econ\u00f3mica para Am\u00e9rica Latina y el Caribe (CEPAL), ONU Mujeres, las secretar\u00edas de las Mujeres y de Relaciones Exteriores, las c\u00e1maras de Diputados y de Senadores. El primer encuentro se llev\u00f3 a cabo en Argentina en 2022.<\/p>\n<p>La diputada explic\u00f3 que el prop\u00f3sito es generar un espacio pol\u00edtico de alto nivel que promueva la cooperaci\u00f3n parlamentaria, fortalezca la gobernanza y fomente reformas legislativas orientadas a la construcci\u00f3n de una sociedad del cuidado donde el desarrollo sea sostenible, inclusivo y con igualdad sustantiva.<\/p>\n<p>Precis\u00f3 que los objetivos clave son: promover el di\u00e1logo regional para avanzar en igualdad sustantiva, impulsar pol\u00edticas y marcos legales sobre la sociedad del cuidado, avanzar hacia la paridad en espacios de toma de decisiones, fomentar presupuestos con enfoque de g\u00e9nero y pol\u00edticas fiscales progresivas, y definir una hoja de ruta com\u00fan hacia la pr\u00f3xima Conferencia Regional.<\/p>\n<p>Inform\u00f3 que participar\u00e1n parlamentarias nacionales, regionales y subregionales del Parlatino, Parlasur, Parlandino, Parlacen, ParlAmericas, EuroLat, junto con representantes de ONU Mujeres, Cepal, OIT y redes de mujeres parlamentarias.\u00a0 Las actividades incluyen plenarias, sesiones tem\u00e1ticas y trabajo en comisiones t\u00e9cnicas con apoyo de organismos especializados.<\/p>\n<p>Mencion\u00f3 que este foro parlamentario, que es el segundo que realiza ONU Mujeres y Cepal, tiene un tema central que es \u201cla sociedad de cuidados\u201d y se abordar\u00e1 en tres comisiones en las cuales las diputadas podr\u00e1n participar.<\/p>\n<p>La primera comisi\u00f3n analizar\u00e1 los marcos normativos y la implementaci\u00f3n de pol\u00edticas de cuidados. La segunda, el financiamiento de la igualdad: presupuestos p\u00fablicos y mecanismos de financiamiento sostenibles y a la tercera comisi\u00f3n le tocar\u00e1 el tema corresponsabilidad y licencias para cuidar: reformas para ampliar derechos laborales en contextos familiares y sociales.<\/p>\n<p>La diputada Burgos Hern\u00e1ndez inform\u00f3 que ser\u00e1n enviadas las acreditaciones a las diputadas de la instancia que preside para las comisiones en las que tendr\u00e1n a bien participar. Asimismo, resalt\u00f3 que el foro se realizar\u00e1 el lunes 11 de agosto, a partir de las 8 de la ma\u00f1ana, en la C\u00e1mara de Diputados.<\/p>\n<p>\u201cTendremos la apertura del foro, el desarrollo de las comisiones, una plenaria en donde hablaremos sobre la paridad de g\u00e9nero y compartiremos las buenas pr\u00e1cticas y el avance legislativo que tenemos en el pa\u00eds. Tambi\u00e9n, haremos la declaratoria leyendo la hoja de ruta que nos comprometemos a llevar las parlamentarias de Am\u00e9rica Latina y el Caribe\u201d, subray\u00f3.<\/p>\n","protected":false},"excerpt":{"rendered":"<p>Tendr\u00e1 como sede la C\u00e1mara de Diputados, en el marco de la XVI Conferencia Regional sobre la Mujer La diputada Anais Miriam Burgos Hern\u00e1ndez (Morena), presidenta<span class=\"excerpt-hellip\"> [\u2026]<\/span><\/p>\n","protected":false},"author":2,"featured_media":15166,"comment_status":"open","ping_status":"open","sticky":false,"template":"","format":"standard","meta":{"footnotes":""},"categories":[8],"tags":[],"class_list":["post-15165","post","type-post","status-publish","format-standard","has-post-thumbnail","hentry","category-politica"],"_links":{"self":[{"href":"https:\/\/sientetupasion.com\/index.php\/wp-json\/wp\/v2\/posts\/15165","targetHints":{"allow":["GET"]}}],"collection":[{"href":"https:\/\/sientetupasion.com\/index.php\/wp-json\/wp\/v2\/posts"}],"about":[{"href":"https:\/\/sientetupasion.com\/index.php\/wp-json\/wp\/v2\/types\/post"}],"author":[{"embeddable":true,"href":"https:\/\/sientetupasion.com\/index.php\/wp-json\/wp\/v2\/users\/2"}],"replies":[{"embeddable":true,"href":"https:\/\/sientetupasion.com\/index.php\/wp-json\/wp\/v2\/comments?post=15165"}],"version-history":[{"count":1,"href":"https:\/\/sientetupasion.com\/index.php\/wp-json\/wp\/v2\/posts\/15165\/revisions"}],"predecessor-version":[{"id":15167,"href":"https:\/\/sientetupasion.com\/index.php\/wp-json\/wp\/v2\/posts\/15165\/revisions\/15167"}],"wp:featuredmedia":[{"embeddable":true,"href":"https:\/\/sientetupasion.com\/index.php\/wp-json\/wp\/v2\/media\/15166"}],"wp:attachment":[{"href":"https:\/\/sientetupasion.com\/index.php\/wp-json\/wp\/v2\/media?parent=15165"}],"wp:term":[{"taxonomy":"category","embeddable":true,"href":"https:\/\/sientetupasion.com\/index.php\/wp-json\/wp\/v2\/categories?post=15165"},{"taxonomy":"post_tag","embeddable":true,"href":"https:\/\/sientetupasion.com\/index.php\/wp-json\/wp\/v2\/tags?post=15165"}],"curies":[{"name":"wp","href":"https:\/\/api.w.org\/{rel}","templated":true}]}}