{"id":14979,"date":"2025-07-25T04:09:24","date_gmt":"2025-07-25T10:09:24","guid":{"rendered":"https:\/\/sientetupasion.com\/?p=14979"},"modified":"2025-07-25T04:09:24","modified_gmt":"2025-07-25T10:09:24","slug":"comision-de-movilidad-preve-convocar-a-reuniones-de-dialogo-para-fortalecer-regulacion-de-motocicletas","status":"publish","type":"post","link":"https:\/\/sientetupasion.com\/index.php\/2025\/07\/25\/comision-de-movilidad-preve-convocar-a-reuniones-de-dialogo-para-fortalecer-regulacion-de-motocicletas\/","title":{"rendered":"Comisi\u00f3n de Movilidad prev\u00e9 convocar a reuniones de di\u00e1logo para fortalecer regulaci\u00f3n de motocicletas"},"content":{"rendered":"<p align=\"justify\">La diputada Patricia Mercado Castro (MC), presidenta de la Comisi\u00f3n de Movilidad, propondr\u00e1 a la junta directiva de esa instancia, convocar a reuniones con organizaciones, autoridades de movilidad de los estados, instituciones del Gobierno Federal y sociedad civil, a fin de dialogar sobre una normativa para la regulaci\u00f3n de motocicletas, debido al incremento de accidentes.<\/p>\n<p align=\"justify\"><iframe loading=\"lazy\" class=\"note-video-clip\" src=\"https:\/\/www.youtube.com\/embed\/9rWlFarTPlo\" width=\"640\" height=\"360\" frameborder=\"0\" data-mce-fragment=\"1\"><\/iframe><\/p>\n<p>Dijo que las reuniones ser\u00edan para buscar soluciones y escuchar ideas sobre el tema, ya que la Ley General de Movilidad y Seguridad Vial ya refiere el uso de motocicletas que est\u00e1n consideradas como veh\u00edculo particular motorizado y, por lo tanto, tienen las mismas reglas que los autom\u00f3viles.<\/p>\n<p>Se\u00f1al\u00f3 que se debe analizar si es necesario ampliar el marco general para fortalecer las capacidades de estados y municipios en sus reglamentos de tr\u00e1nsito, ya que esta es una preocupaci\u00f3n de organizaciones de la sociedad civil, grupos parlamentarios y Ejecutivo Federal.<\/p>\n<p>\u201cMe parece que, si bien la presidenta de la Rep\u00fablica va a mandar una iniciativa sobre el tema de una regulaci\u00f3n nacional de motos, como Comisi\u00f3n podr\u00edamos empezar a trabajar por lo menos escuchando a actores e instituciones sobre qu\u00e9 es lo que est\u00e1n haciendo y qu\u00e9 es lo que proponen en este sentido\u201d, agreg\u00f3.<\/p>\n<p>Mencion\u00f3 que tambi\u00e9n se abordar\u00eda el tema del servicio que dan las aplicaciones sobre motocicletas, las cuales no cuentan con una reglamentaci\u00f3n y eso es \u201cmuy peligroso, no del lado de la aplicaci\u00f3n sino desde el uso de motocicletas\u201d.<\/p>\n<p>Dijo que en la ley ya esta est\u00e1 reglamentado qu\u00e9 tipo de casco se debe usar, que no pueden viajar m\u00e1s de dos personas, ni menores de 12 a\u00f1os y\u00a0 se establecen las velocidades; sin embargo, \u201cquiz\u00e1s haya que robustecer esos cap\u00edtulos para evitar tanta muerte y siniestros en motocicletas\u201d.<\/p>\n<p>Reiter\u00f3 que solicitar\u00e1 las reuniones para convocar a las organizaciones antes mencionadas para ir construyendo \u201cla posibilidad de una reforma o no, o ya es suficiente y se lo dejamos a los estados, pero me parece que tenemos que entrarle a ese tema\u201d.<\/p>\n<p><b>Dict\u00e1menes<\/b><\/p>\n<p>En la reuni\u00f3n, la Comisi\u00f3n aprob\u00f3 dos dict\u00e1menes en sentido negativo; el primero, planteaba reformar las fracciones I y IX del art\u00edculo 1; XXIII, XLVI y LXVII del art\u00edculo 3; VII del art\u00edculo 25, y modificar el art\u00edculo 78 de la Ley General de Movilidad y Seguridad Vial.<\/p>\n<p>La presidenta de la Comisi\u00f3n explic\u00f3 que se recibieron dos opiniones en sentido negativo de las secretar\u00edas de Desarrollo Agrario, Territorial y Urbano (Sedatu), y de Infraestructura, Comunicaciones y Transportes (SICT). La iniciativa propon\u00eda incluir, como parte de la pol\u00edtica de movilidad y seguridad vial, la prevenci\u00f3n de hechos delictivos, y que en la gesti\u00f3n de factores de riesgo se consideren los efectos del quehacer delincuencial en carreteras, caminos y puentes en los tres \u00f3rdenes de gobierno.<\/p>\n<p>El segundo dictamen en sentido negativo es a la iniciativa que buscaba adicionar un art\u00edculo 50 Bis a la Ley General de Movilidad y Seguridad Vial, a fin de establecer la prohibici\u00f3n de emisi\u00f3n de alertas sobre controles de tr\u00e1nsito en aplicaciones de navegaci\u00f3n y asistencia en tiempo real.<\/p>\n<p>La diputada Mercado Castro se\u00f1al\u00f3 que la instancia legislativa coincide con la preocupaci\u00f3n planteada respecto a la importancia de la seguridad vial para salvaguardar la vida de las personas en sus desplazamientos.<\/p>\n<p>Sin embargo, consider\u00f3 que el contenido de la propuesta podr\u00eda incurrir en una colisi\u00f3n de derechos, pues se restringir\u00eda el libre acceso a la informaci\u00f3n, el derecho de buscar, recibir y difundir informaci\u00f3n e ideas de toda \u00edndole, por cualquier medio de expresi\u00f3n y de acceso a las tecnolog\u00edas de informaci\u00f3n y telecomunicaci\u00f3n.<\/p>\n","protected":false},"excerpt":{"rendered":"<p>La diputada Patricia Mercado Castro (MC), presidenta de la Comisi\u00f3n de Movilidad, propondr\u00e1 a la junta directiva de esa instancia, convocar a reuniones con organizaciones, autoridades<span class=\"excerpt-hellip\"> [\u2026]<\/span><\/p>\n","protected":false},"author":2,"featured_media":14980,"comment_status":"open","ping_status":"open","sticky":false,"template":"","format":"standard","meta":{"footnotes":""},"categories":[8],"tags":[],"class_list":["post-14979","post","type-post","status-publish","format-standard","has-post-thumbnail","hentry","category-politica"],"_links":{"self":[{"href":"https:\/\/sientetupasion.com\/index.php\/wp-json\/wp\/v2\/posts\/14979","targetHints":{"allow":["GET"]}}],"collection":[{"href":"https:\/\/sientetupasion.com\/index.php\/wp-json\/wp\/v2\/posts"}],"about":[{"href":"https:\/\/sientetupasion.com\/index.php\/wp-json\/wp\/v2\/types\/post"}],"author":[{"embeddable":true,"href":"https:\/\/sientetupasion.com\/index.php\/wp-json\/wp\/v2\/users\/2"}],"replies":[{"embeddable":true,"href":"https:\/\/sientetupasion.com\/index.php\/wp-json\/wp\/v2\/comments?post=14979"}],"version-history":[{"count":1,"href":"https:\/\/sientetupasion.com\/index.php\/wp-json\/wp\/v2\/posts\/14979\/revisions"}],"predecessor-version":[{"id":14981,"href":"https:\/\/sientetupasion.com\/index.php\/wp-json\/wp\/v2\/posts\/14979\/revisions\/14981"}],"wp:featuredmedia":[{"embeddable":true,"href":"https:\/\/sientetupasion.com\/index.php\/wp-json\/wp\/v2\/media\/14980"}],"wp:attachment":[{"href":"https:\/\/sientetupasion.com\/index.php\/wp-json\/wp\/v2\/media?parent=14979"}],"wp:term":[{"taxonomy":"category","embeddable":true,"href":"https:\/\/sientetupasion.com\/index.php\/wp-json\/wp\/v2\/categories?post=14979"},{"taxonomy":"post_tag","embeddable":true,"href":"https:\/\/sientetupasion.com\/index.php\/wp-json\/wp\/v2\/tags?post=14979"}],"curies":[{"name":"wp","href":"https:\/\/api.w.org\/{rel}","templated":true}]}}