{"id":14970,"date":"2025-07-25T04:06:21","date_gmt":"2025-07-25T10:06:21","guid":{"rendered":"https:\/\/sientetupasion.com\/?p=14970"},"modified":"2025-07-25T04:06:21","modified_gmt":"2025-07-25T10:06:21","slug":"tan-sencillo-como-seguir-luchando-presentan-libro-sobre-pendientes-a-favor-de-personas-con-discapacidad","status":"publish","type":"post","link":"https:\/\/sientetupasion.com\/index.php\/2025\/07\/25\/tan-sencillo-como-seguir-luchando-presentan-libro-sobre-pendientes-a-favor-de-personas-con-discapacidad\/","title":{"rendered":"\u201c\u00bfTan sencillo como seguir luchando?\u201d, presentan libro sobre pendientes a favor de personas con discapacidad"},"content":{"rendered":"<ul>\n<li><em><b>Urge que el Estado cuente con mecanismos para obligar a que se hagan las reformas legislativas, de pol\u00edticas p\u00fablicas, e inversi\u00f3n para generar la inclusi\u00f3n.<\/b><\/em><\/li>\n<\/ul>\n<p>En el Senado de la Rep\u00fablica se present\u00f3 el libro \u00bfTan sencillo como seguir luchando?, que incluye textos de personas con discapacidad, quienes buscan sensibilizar y convencer a legisladores y a la sociedad de sus necesidades y problem\u00e1ticas.<\/p>\n<p>&nbsp;<\/p>\n<p>El senador Luis Donaldo Colosio Riojas, presidente de la Comisi\u00f3n de Derechos Digitales, fue el promotor de la obra que contiene testimonios de la experiencia personal y profesional de activistas que buscan transformar conciencias y realidades.<\/p>\n<p>&nbsp;<\/p>\n<p>Durante la presentaci\u00f3n de la obra, la diputada Patricia Mercado Castro, presidenta de la Comisi\u00f3n de Movilidad de la C\u00e1mara de Diputados, destac\u00f3 la honestidad de los autores al describir la situaci\u00f3n de las personas con discapacidad, sobre todo, en \u00e1mbitos como la participaci\u00f3n pol\u00edtica, el gobierno y el ejercicio parlamentario.<\/p>\n<p>&nbsp;<\/p>\n<p>Con ello, dijo, se contribuye a conocer el esfuerzo que tienen que hacer las personas con discapacidad para hacerse escuchar, porque el problema no es s\u00f3lo la exclusi\u00f3n de los asuntos prioritarios y la falta de respuesta a sus demandas, sino el aislamiento institucional y presupuestal que se le da al tema.<\/p>\n<p>&nbsp;<\/p>\n<p>Mercado Castro agreg\u00f3 que el libro plantea una fuerte cr\u00edtica a las soluciones que se ofrece a este sector vulnerable, dentro de los esquemas de clientelismo y asistencialismo por parte de \u201cla vieja pol\u00edtica, que m\u00e1s que impulsar y hacerse cargo de una ciudadan\u00eda organizada, consciente, que demanda, le da respuestas asistencialistas en lugar de impulsar una verdadera cultura de respeto por los derechos humanos\u201d.<\/p>\n<p>Sin embargo, la legisladora de Movimiento Ciudadano destac\u00f3 avances legislativos como el que se dio en el Senado de la Rep\u00fablica, que en el sexenio pasado se present\u00f3 y aprob\u00f3 de forma un\u00e1nime una reforma a la Ley General del Trabajo a la Inclusi\u00f3n de Personas con Discapacidad; adem\u00e1s de la Ley General de Movilidad y Seguridad Vial, aprobada por el Congreso.<\/p>\n<p>&nbsp;<\/p>\n<p>Asent\u00f3 que el Congreso de la Uni\u00f3n, como instituci\u00f3n del Estado Mexicano tiene la obligaci\u00f3n de atender los caminos legislativos presupuestales y de pol\u00edtica p\u00fablica para que las personas con discapacidad puedan ejercer su derecho al trabajo remunerado.<\/p>\n<p>&nbsp;<\/p>\n<p>Afirm\u00f3, adem\u00e1s, que el Estado debe contar con mecanismos para obligar a que se realicen las reformas legislativas y las pol\u00edticas p\u00fablicas, as\u00ed como la inversi\u00f3n para generar la inclusi\u00f3n.<\/p>\n<p>&nbsp;<\/p>\n<p>\u00d3scar Manuel Zald\u00edvar Escalante, presidente de la agrupaci\u00f3n Si se Puede, expres\u00f3 que a las personas con discapacidad se les ha impuesto tener que luchar contra la discriminaci\u00f3n y las barreras, pero resulta incongruente tener que luchar con quienes los representan, como es el caso de algunos legisladores que minimizan el tema.<\/p>\n<p>&nbsp;<\/p>\n<p>En ese sentido, mencion\u00f3 que el libro se dirige a las personas que tienen apat\u00eda hacia la pol\u00edtica, a fin de que sepan que todas las decisiones que se toman desde ah\u00ed terminan por impactar a la sociedad para bien o para mal.<\/p>\n<p>&nbsp;<\/p>\n<p>El libro va dirigido tambi\u00e9n para la clase pol\u00edtica, dijo, sobre todo para advertirles que cada vez que hagan una reforma que vaya en perjuicio de las personas con discapacidad no la tendr\u00e1n tan f\u00e1cil. Sin embargo, reconoci\u00f3 a figuras pol\u00edticas que han sido aliadas en la lucha de este sector.<\/p>\n<p>&nbsp;<\/p>\n<p>De la misma agrupaci\u00f3n, Blanca Viridiana Torres Gonz\u00e1lez, enfatiz\u00f3 en la importancia de contar con la participaci\u00f3n de mujeres en espacios de representaci\u00f3n, ya que as\u00ed se comenzaron a observar las necesidades de ellas a trav\u00e9s de sus propios ojos, y porque entre otras problem\u00e1ticas, regularmente es la mujer quien hace la labor de cuidadora.<\/p>\n<p>&nbsp;<\/p>\n","protected":false},"excerpt":{"rendered":"<p>Urge que el Estado cuente con mecanismos para obligar a que se hagan las reformas legislativas, de pol\u00edticas p\u00fablicas, e inversi\u00f3n para generar la inclusi\u00f3n. En<span class=\"excerpt-hellip\"> [\u2026]<\/span><\/p>\n","protected":false},"author":2,"featured_media":14971,"comment_status":"open","ping_status":"open","sticky":false,"template":"","format":"standard","meta":{"footnotes":""},"categories":[8],"tags":[],"class_list":["post-14970","post","type-post","status-publish","format-standard","has-post-thumbnail","hentry","category-politica"],"_links":{"self":[{"href":"https:\/\/sientetupasion.com\/index.php\/wp-json\/wp\/v2\/posts\/14970","targetHints":{"allow":["GET"]}}],"collection":[{"href":"https:\/\/sientetupasion.com\/index.php\/wp-json\/wp\/v2\/posts"}],"about":[{"href":"https:\/\/sientetupasion.com\/index.php\/wp-json\/wp\/v2\/types\/post"}],"author":[{"embeddable":true,"href":"https:\/\/sientetupasion.com\/index.php\/wp-json\/wp\/v2\/users\/2"}],"replies":[{"embeddable":true,"href":"https:\/\/sientetupasion.com\/index.php\/wp-json\/wp\/v2\/comments?post=14970"}],"version-history":[{"count":1,"href":"https:\/\/sientetupasion.com\/index.php\/wp-json\/wp\/v2\/posts\/14970\/revisions"}],"predecessor-version":[{"id":14972,"href":"https:\/\/sientetupasion.com\/index.php\/wp-json\/wp\/v2\/posts\/14970\/revisions\/14972"}],"wp:featuredmedia":[{"embeddable":true,"href":"https:\/\/sientetupasion.com\/index.php\/wp-json\/wp\/v2\/media\/14971"}],"wp:attachment":[{"href":"https:\/\/sientetupasion.com\/index.php\/wp-json\/wp\/v2\/media?parent=14970"}],"wp:term":[{"taxonomy":"category","embeddable":true,"href":"https:\/\/sientetupasion.com\/index.php\/wp-json\/wp\/v2\/categories?post=14970"},{"taxonomy":"post_tag","embeddable":true,"href":"https:\/\/sientetupasion.com\/index.php\/wp-json\/wp\/v2\/tags?post=14970"}],"curies":[{"name":"wp","href":"https:\/\/api.w.org\/{rel}","templated":true}]}}