{"id":14967,"date":"2025-07-25T04:05:35","date_gmt":"2025-07-25T10:05:35","guid":{"rendered":"https:\/\/sientetupasion.com\/?p=14967"},"modified":"2025-07-25T04:05:35","modified_gmt":"2025-07-25T10:05:35","slug":"imparten-conferencia-magistral-en-xicotencatl-sobre-juarez-en-la-caricatura-politica-del-siglo-xix","status":"publish","type":"post","link":"https:\/\/sientetupasion.com\/index.php\/2025\/07\/25\/imparten-conferencia-magistral-en-xicotencatl-sobre-juarez-en-la-caricatura-politica-del-siglo-xix\/","title":{"rendered":"Imparten conferencia magistral en Xicot\u00e9ncatl sobre Ju\u00e1rez en la caricatura pol\u00edtica del siglo XIX"},"content":{"rendered":"<div>\n<ul>\n<li><strong><em>Helia Bonilla Reyna da cuenta de los cambios en la imagen del Benem\u00e9rito de las Am\u00e9ricas a trav\u00e9s de este arte visual.<\/em><\/strong><\/li>\n<\/ul>\n<p>A 153 a\u00f1os del aniversario luctuoso de Benito Ju\u00e1rez, la doctora Helia Bonilla Reyna imparti\u00f3 en el Senado de la Rep\u00fablica la conferencia magistral sobre \u201cJu\u00e1rez en la caricatura pol\u00edtica del siglo XIX\u201d, que da cuenta de los cambios en la imagen del Benem\u00e9rito de las Am\u00e9ricas en este periodo.<\/p>\n<p>&nbsp;<\/p>\n<p>En la Antigua Casona de Xicot\u00e9ncatl, la tarde de ayer, la historiadora del arte destac\u00f3 que la caricatura pol\u00edtica mostr\u00f3 en principio al expresidente Ju\u00e1rez como un hombre de carne y hueso, con todos sus errores pol\u00edticos; sin embargo, despu\u00e9s lo exalt\u00f3 y lo puso \u201cjusto como la principal figura liberal del siglo XIX\u201d.<\/p>\n<p>&nbsp;<\/p>\n<p>Al presentar diversas caricaturas publicadas por los diarios de la \u00e9poca, Bonilla Reyna se\u00f1al\u00f3 que este recurso de comunicaci\u00f3n pol\u00edtica ha cambiado de much\u00edsimas maneras, porque actualmente hay muchos m\u00e1s medios y est\u00e1n las redes sociales; pero en esa \u00e9poca, apunt\u00f3, s\u00f3lo exist\u00edan pocos peri\u00f3dicos.<\/p>\n<p>&nbsp;<\/p>\n<p>Hace dos siglos, agreg\u00f3, muchas de las caricaturas en vida de Benito Ju\u00e1rez fueron financiadas por la Rep\u00fablica Instaurada de Porfirio D\u00edaz; lo que pudo comprobarse, refiri\u00f3, en algunas cartas descubiertas en el Fondo Riva Palacio que se encuentra en la Colecci\u00f3n Latinoamericana Benson de la Universidad de Austin, Texas.<\/p>\n<p>&nbsp;<\/p>\n<p>\u201cEs muy posible que estuvieran financiadas (las caricaturas) por muy distintos grupos y acciones pol\u00edticas, ya que son much\u00edsimos peri\u00f3dicos y esto habr\u00eda que estudiarlo con detalle\u201d, precis\u00f3.<\/p>\n<p>&nbsp;<\/p>\n<p>Para la investigadora, la caricatura tiene un objetivo generalmente y esto se prueba en el hecho de que en el siglo XIX, sobre todo en lo que se refiere a la vida de Ju\u00e1rez, \u00e9sta era realizada, principalmente por liberales, no tanto por conservadores, pues \u00e9stos \u00faltimos llegaron a hacer caricaturas, pero en momentos muy particulares, pues en aquella \u00e9poca exist\u00edan pocos peri\u00f3dicos.<\/p>\n<p>&nbsp;<\/p>\n<p>Asegur\u00f3 que a la muerte de Benito Ju\u00e1rez su imagen sigui\u00f3 apareciendo en la prensa, que ahora se dedic\u00f3 a atacar a Porfirio D\u00edaz, lo que puso de manifiesto un uso diferente de esta modalidad del periodismo.<\/p>\n<p>&nbsp;<\/p>\n<p>\u201cLa caricatura tiene una vocaci\u00f3n cr\u00edtica e irreverente, una vocaci\u00f3n de mostrar el lado negativo de los personajes, porque generalmente tiene un objetivo pol\u00edtico\u201d, finaliz\u00f3.<\/p>\n<\/div>\n<ul class=\"pager pagenav\">\n<li class=\"previous\"><\/li>\n<\/ul>\n","protected":false},"excerpt":{"rendered":"<p>Helia Bonilla Reyna da cuenta de los cambios en la imagen del Benem\u00e9rito de las Am\u00e9ricas a trav\u00e9s de este arte visual. A 153 a\u00f1os del<span class=\"excerpt-hellip\"> [\u2026]<\/span><\/p>\n","protected":false},"author":2,"featured_media":14968,"comment_status":"open","ping_status":"open","sticky":false,"template":"","format":"standard","meta":{"footnotes":""},"categories":[8],"tags":[],"class_list":["post-14967","post","type-post","status-publish","format-standard","has-post-thumbnail","hentry","category-politica"],"_links":{"self":[{"href":"https:\/\/sientetupasion.com\/index.php\/wp-json\/wp\/v2\/posts\/14967","targetHints":{"allow":["GET"]}}],"collection":[{"href":"https:\/\/sientetupasion.com\/index.php\/wp-json\/wp\/v2\/posts"}],"about":[{"href":"https:\/\/sientetupasion.com\/index.php\/wp-json\/wp\/v2\/types\/post"}],"author":[{"embeddable":true,"href":"https:\/\/sientetupasion.com\/index.php\/wp-json\/wp\/v2\/users\/2"}],"replies":[{"embeddable":true,"href":"https:\/\/sientetupasion.com\/index.php\/wp-json\/wp\/v2\/comments?post=14967"}],"version-history":[{"count":1,"href":"https:\/\/sientetupasion.com\/index.php\/wp-json\/wp\/v2\/posts\/14967\/revisions"}],"predecessor-version":[{"id":14969,"href":"https:\/\/sientetupasion.com\/index.php\/wp-json\/wp\/v2\/posts\/14967\/revisions\/14969"}],"wp:featuredmedia":[{"embeddable":true,"href":"https:\/\/sientetupasion.com\/index.php\/wp-json\/wp\/v2\/media\/14968"}],"wp:attachment":[{"href":"https:\/\/sientetupasion.com\/index.php\/wp-json\/wp\/v2\/media?parent=14967"}],"wp:term":[{"taxonomy":"category","embeddable":true,"href":"https:\/\/sientetupasion.com\/index.php\/wp-json\/wp\/v2\/categories?post=14967"},{"taxonomy":"post_tag","embeddable":true,"href":"https:\/\/sientetupasion.com\/index.php\/wp-json\/wp\/v2\/tags?post=14967"}],"curies":[{"name":"wp","href":"https:\/\/api.w.org\/{rel}","templated":true}]}}