{"id":14705,"date":"2025-07-23T07:32:06","date_gmt":"2025-07-23T13:32:06","guid":{"rendered":"https:\/\/sientetupasion.com\/?p=14705"},"modified":"2025-07-23T07:32:06","modified_gmt":"2025-07-23T13:32:06","slug":"presentan-en-fresnillo-el-libro-tan-sencillo-como-seguir-luchando-una-obra-que-da-voz-a-la-discapacidad-desde-el-activismo","status":"publish","type":"post","link":"https:\/\/sientetupasion.com\/index.php\/2025\/07\/23\/presentan-en-fresnillo-el-libro-tan-sencillo-como-seguir-luchando-una-obra-que-da-voz-a-la-discapacidad-desde-el-activismo\/","title":{"rendered":"PRESENTAN EN FRESNILLO EL LIBRO \u201c\u00bfTAN SENCILLO COMO SEGUIR LUCHANDO?\u201d, UNA OBRA QUE DA VOZ A LA DISCAPACIDAD DESDE EL ACTIVISMO"},"content":{"rendered":"<p>Fresnillo, Zac., 22 de julio del 2025.\u2013 Con gran sensibilidad y compromiso social, el colectivo S\u00ed Se Puede llev\u00f3 a cabo en Fresnillo la presentaci\u00f3n del libro \u201c\u00bfTan sencillo como seguir luchando?\u201d, una obra profundamente inspiradora que nace desde el activismo y busca dignificar la participaci\u00f3n pol\u00edtica de las personas con discapacidad.<\/p>\n<p>Este libro no es solo una recopilaci\u00f3n de experiencias; es una declaraci\u00f3n firme que reivindica el derecho de las personas con discapacidad a ocupar espacios de decisi\u00f3n y liderazgo. A trav\u00e9s de sus p\u00e1ginas, se alza una voz colectiva que exige eliminar las barreras sociales, pol\u00edticas y culturales que hist\u00f3ricamente han marginado a este sector de la poblaci\u00f3n.<\/p>\n<p>El texto es autor\u00eda de cinco activistas comprometidos con la causa: Lic. \u00d3scar Manuel Zald\u00edvar Escalante, Lic. Omar Jes\u00fas Cavada Mart\u00ednez, Lic. Karla Mar\u00eda Garc\u00eda Estrada, Lic. Blanca Viridiana Torres Gonz\u00e1lez y C. Edgar Santiago Mojica Espinoza. Cada uno, desde su experiencia personal y profesional, aporta reflexiones, propuestas y testimonios que buscan transformar conciencias y realidades.<\/p>\n<p>Durante el evento, Arturo Romo Venecia, Coordinador de la Comisi\u00f3n Operativa Municipal de Movimiento Ciudadano en Fresnillo, dio la bienvenida a los autores y reconoci\u00f3 el valor de su trabajo:<br \/>\n\u201cNos da mucho gusto recibirles en nuestro Fresnillo. Valoramos profundamente su visita y la presentaci\u00f3n de este importante libro, que sin duda contribuir\u00e1 a generar conciencia en nuestra sociedad. Es a trav\u00e9s de estas acciones que podemos visibilizar y abordar con mayor sensibilidad las dificultades que enfrentan las personas con discapacidad, promoviendo as\u00ed una participaci\u00f3n m\u00e1s justa e incluyente\u201d.<\/p>\n<p>Adem\u00e1s, reconocemos y agradecemos el respaldo del Delegado Estatal de Movimiento Ciudadano, Pepe Haro, quien ha demostrado con hechos su compromiso con una agenda incluyente y cercana a las verdaderas causas ciudadanas. Su impulso a este tipo de iniciativas fortalece la construcci\u00f3n de un Movimiento m\u00e1s humano, sensible y emp\u00e1tico con todas las realidades que componen nuestra sociedad.<\/p>\n<p>El evento se convirti\u00f3 en un espacio de reflexi\u00f3n, di\u00e1logo y empat\u00eda, donde se reafirm\u00f3 que la lucha por los derechos de las personas con discapacidad no puede ser ajena a la agenda p\u00fablica ni puede ser encabezada por quienes no viven esta realidad.<\/p>\n<p>\u201c\u00bfTan sencillo como seguir luchando?\u201d es, al mismo tiempo, un grito y una esperanza. Un recordatorio de que la verdadera inclusi\u00f3n se construye escuchando, compartiendo y, sobre todo, cediendo espacios para que las personas con discapacidad sean quienes lideren el cambio.<\/p>\n","protected":false},"excerpt":{"rendered":"<p>Fresnillo, Zac., 22 de julio del 2025.\u2013 Con gran sensibilidad y compromiso social, el colectivo S\u00ed Se Puede llev\u00f3 a cabo en Fresnillo la presentaci\u00f3n del<span class=\"excerpt-hellip\"> [\u2026]<\/span><\/p>\n","protected":false},"author":2,"featured_media":14706,"comment_status":"open","ping_status":"open","sticky":false,"template":"","format":"standard","meta":{"footnotes":""},"categories":[8],"tags":[],"class_list":["post-14705","post","type-post","status-publish","format-standard","has-post-thumbnail","hentry","category-politica"],"_links":{"self":[{"href":"https:\/\/sientetupasion.com\/index.php\/wp-json\/wp\/v2\/posts\/14705","targetHints":{"allow":["GET"]}}],"collection":[{"href":"https:\/\/sientetupasion.com\/index.php\/wp-json\/wp\/v2\/posts"}],"about":[{"href":"https:\/\/sientetupasion.com\/index.php\/wp-json\/wp\/v2\/types\/post"}],"author":[{"embeddable":true,"href":"https:\/\/sientetupasion.com\/index.php\/wp-json\/wp\/v2\/users\/2"}],"replies":[{"embeddable":true,"href":"https:\/\/sientetupasion.com\/index.php\/wp-json\/wp\/v2\/comments?post=14705"}],"version-history":[{"count":1,"href":"https:\/\/sientetupasion.com\/index.php\/wp-json\/wp\/v2\/posts\/14705\/revisions"}],"predecessor-version":[{"id":14707,"href":"https:\/\/sientetupasion.com\/index.php\/wp-json\/wp\/v2\/posts\/14705\/revisions\/14707"}],"wp:featuredmedia":[{"embeddable":true,"href":"https:\/\/sientetupasion.com\/index.php\/wp-json\/wp\/v2\/media\/14706"}],"wp:attachment":[{"href":"https:\/\/sientetupasion.com\/index.php\/wp-json\/wp\/v2\/media?parent=14705"}],"wp:term":[{"taxonomy":"category","embeddable":true,"href":"https:\/\/sientetupasion.com\/index.php\/wp-json\/wp\/v2\/categories?post=14705"},{"taxonomy":"post_tag","embeddable":true,"href":"https:\/\/sientetupasion.com\/index.php\/wp-json\/wp\/v2\/tags?post=14705"}],"curies":[{"name":"wp","href":"https:\/\/api.w.org\/{rel}","templated":true}]}}